{"id":2102,"date":"2024-02-22T13:33:40","date_gmt":"2024-02-22T16:33:40","guid":{"rendered":"https:\/\/marcelcolares.adv.br\/?p=2102"},"modified":"2024-08-01T13:47:24","modified_gmt":"2024-08-01T16:47:24","slug":"cpf-para-pessoas-lgbtqiap-novidade","status":"publish","type":"post","link":"https:\/\/marcelcolares.adv.br\/?p=2102","title":{"rendered":"CPF Para Pessoas LGBTQIAP+: Novidade!"},"content":{"rendered":"<p><img fetchpriority=\"high\" decoding=\"async\" class=\"alignnone size-medium wp-image-2103\" src=\"https:\/\/marcelcolares.adv.br\/wp-content\/uploads\/2024\/07\/8-2-300x300.jpg\" alt=\"\" width=\"300\" height=\"300\" srcset=\"https:\/\/marcelcolares.adv.br\/wp-content\/uploads\/2024\/07\/8-2-300x300.jpg 300w, https:\/\/marcelcolares.adv.br\/wp-content\/uploads\/2024\/07\/8-2-1024x1024.jpg 1024w, https:\/\/marcelcolares.adv.br\/wp-content\/uploads\/2024\/07\/8-2-150x150.jpg 150w, https:\/\/marcelcolares.adv.br\/wp-content\/uploads\/2024\/07\/8-2-768x768.jpg 768w, https:\/\/marcelcolares.adv.br\/wp-content\/uploads\/2024\/07\/8-2.jpg 1080w\" sizes=\"(max-width: 300px) 100vw, 300px\" \/><\/p>\n<p>Conforme decis\u00e3o judicial, a Uni\u00e3o deve adequar os formul\u00e1rios de Cadastro de Pessoas F\u00edsicas (CPF) para incluir a diversidade de g\u00eaneros e arranjos familiares.<\/p>\n<p>Vamos entender!<\/p>\n<p>A medida representa um avan\u00e7o significativo na luta por igualdade e respeito, garantindo que todos sejam reconhecidos de forma digna.<\/p>\n<p>Dessa forma, em at\u00e9 180 dias devem ser inclu\u00eddas op\u00e7\u00f5es que reconhe\u00e7am a multiplicidade de identidades de g\u00eanero e a realidade das fam\u00edlias LGBTQIAPN+.<\/p>\n<p>A inclus\u00e3o de categorias como &#8220;n\u00e3o especificado&#8221;, &#8220;n\u00e3o bin\u00e1rio&#8221; e &#8220;intersexo&#8221;, al\u00e9m da substitui\u00e7\u00e3o do campo &#8220;nome da m\u00e3e&#8221; por &#8220;filia\u00e7\u00e3o&#8221;, s\u00e3o passos importantes para refletir a diversidade da sociedade brasileira nos documentos oficiais.<\/p>\n<p>Essa decis\u00e3o \u00e9 um marco na promo\u00e7\u00e3o dos direitos humanos e na luta contra a discrimina\u00e7\u00e3o, refor\u00e7ando a import\u00e2ncia do respeito \u00e0 identidade de cada indiv\u00edduo.<\/p>\n<p>Gostou da not\u00edcia? Compartilhe o post para alcan\u00e7ar mais pessoas!<\/p>\n<p><a class=\"x1i10hfl xjbqb8w x1ejq31n xd10rxx x1sy0etr x17r0tee x972fbf xcfux6l x1qhh985 xm0m39n x9f619 x1ypdohk xt0psk2 xe8uvvx xdj266r x11i5rnm xat24cr x1mh8g0r xexx8yu x4uap5 x18d9i69 xkhd6sd x16tdsg8 x1hl2dhg xggy1nq x1a2a7pz  _aa9_ _a6hd\" tabindex=\"0\" role=\"link\" href=\"https:\/\/www.instagram.com\/explore\/tags\/inclus%C3%A3o\/\">#inclus\u00e3o<\/a>\u00a0<a class=\"x1i10hfl xjbqb8w x1ejq31n xd10rxx x1sy0etr x17r0tee x972fbf xcfux6l x1qhh985 xm0m39n x9f619 x1ypdohk xt0psk2 xe8uvvx xdj266r x11i5rnm xat24cr x1mh8g0r xexx8yu x4uap5 x18d9i69 xkhd6sd x16tdsg8 x1hl2dhg xggy1nq x1a2a7pz  _aa9_ _a6hd\" tabindex=\"0\" role=\"link\" href=\"https:\/\/www.instagram.com\/explore\/tags\/diversidade\/\">#diversidade<\/a>\u00a0<a class=\"x1i10hfl xjbqb8w x1ejq31n xd10rxx x1sy0etr x17r0tee x972fbf xcfux6l x1qhh985 xm0m39n x9f619 x1ypdohk xt0psk2 xe8uvvx xdj266r x11i5rnm xat24cr x1mh8g0r xexx8yu x4uap5 x18d9i69 xkhd6sd x16tdsg8 x1hl2dhg xggy1nq x1a2a7pz  _aa9_ _a6hd\" tabindex=\"0\" role=\"link\" href=\"https:\/\/www.instagram.com\/explore\/tags\/cpf\/\">#CPF<\/a>\u00a0<a class=\"x1i10hfl xjbqb8w x1ejq31n xd10rxx x1sy0etr x17r0tee x972fbf xcfux6l x1qhh985 xm0m39n x9f619 x1ypdohk xt0psk2 xe8uvvx xdj266r x11i5rnm xat24cr x1mh8g0r xexx8yu x4uap5 x18d9i69 xkhd6sd x16tdsg8 x1hl2dhg xggy1nq x1a2a7pz  _aa9_ _a6hd\" tabindex=\"0\" role=\"link\" href=\"https:\/\/www.instagram.com\/explore\/tags\/direitoshumanos\/\">#direitoshumanos<\/a>\u00a0<a class=\"x1i10hfl xjbqb8w x1ejq31n xd10rxx x1sy0etr x17r0tee x972fbf xcfux6l x1qhh985 xm0m39n x9f619 x1ypdohk xt0psk2 xe8uvvx xdj266r x11i5rnm xat24cr x1mh8g0r xexx8yu x4uap5 x18d9i69 xkhd6sd x16tdsg8 x1hl2dhg xggy1nq x1a2a7pz  _aa9_ _a6hd\" tabindex=\"0\" role=\"link\" href=\"https:\/\/www.instagram.com\/explore\/tags\/orienta%C3%A7%C3%A3ojur%C3%ADdica\/\">#orienta\u00e7\u00e3ojur\u00eddica<\/a>\u00a0<a class=\"x1i10hfl xjbqb8w x1ejq31n xd10rxx x1sy0etr x17r0tee x972fbf xcfux6l x1qhh985 xm0m39n x9f619 x1ypdohk xt0psk2 xe8uvvx xdj266r x11i5rnm xat24cr x1mh8g0r xexx8yu x4uap5 x18d9i69 xkhd6sd x16tdsg8 x1hl2dhg xggy1nq x1a2a7pz  _aa9_ _a6hd\" tabindex=\"0\" role=\"link\" href=\"https:\/\/www.instagram.com\/explore\/tags\/uni%C3%A3o\/\">#Uni\u00e3o<\/a>\u00a0<a class=\"x1i10hfl xjbqb8w x1ejq31n xd10rxx x1sy0etr x17r0tee x972fbf xcfux6l x1qhh985 xm0m39n x9f619 x1ypdohk xt0psk2 xe8uvvx xdj266r x11i5rnm xat24cr x1mh8g0r xexx8yu x4uap5 x18d9i69 xkhd6sd x16tdsg8 x1hl2dhg xggy1nq x1a2a7pz  _aa9_ _a6hd\" tabindex=\"0\" role=\"link\" href=\"https:\/\/www.instagram.com\/explore\/tags\/lgbtqiapn\/\">#LGBTQIAPN<\/a>!<\/p>\n","protected":false},"excerpt":{"rendered":"<p>Conforme decis\u00e3o judicial, a Uni\u00e3o deve adequar os formul\u00e1rios de Cadastro de Pessoas F\u00edsicas (CPF) para incluir a diversidade de g\u00eaneros e arranjos familiares. Vamos entender! A medida representa um avan\u00e7o significativo na luta por igualdade e respeito, garantindo que todos sejam reconhecidos de forma digna. Dessa forma, em at\u00e9 180 dias devem ser inclu\u00eddas op\u00e7\u00f5es que reconhe\u00e7am a multiplicidade de identidades de g\u00eanero e a realidade das fam\u00edlias LGBTQIAPN+. A inclus\u00e3o de categorias como &#8220;n\u00e3o especificado&#8221;, &#8220;n\u00e3o bin\u00e1rio&#8221; e &#8220;intersexo&#8221;, al\u00e9m da substitui\u00e7\u00e3o do campo &#8220;nome da m\u00e3e&#8221; por &#8220;filia\u00e7\u00e3o&#8221;, s\u00e3o passos importantes para refletir a diversidade da sociedade brasileira nos documentos oficiais. Essa decis\u00e3o \u00e9 um marco na promo\u00e7\u00e3o dos direitos humanos e na luta contra a discrimina\u00e7\u00e3o, refor\u00e7ando a import\u00e2ncia do respeito \u00e0 identidade de cada indiv\u00edduo. Gostou da not\u00edcia? Compartilhe o post para alcan\u00e7ar mais pessoas! #inclus\u00e3o\u00a0#diversidade\u00a0#CPF\u00a0#direitoshumanos\u00a0#orienta\u00e7\u00e3ojur\u00eddica\u00a0#Uni\u00e3o\u00a0#LGBTQIAPN!<\/p>\n","protected":false},"author":1,"featured_media":0,"comment_status":"closed","ping_status":"open","sticky":false,"template":"","format":"standard","meta":{"site-sidebar-layout":"default","site-content-layout":"","ast-site-content-layout":"default","site-content-style":"default","site-sidebar-style":"default","ast-global-header-display":"","ast-banner-title-visibility":"","ast-main-header-display":"","ast-hfb-above-header-display":"","ast-hfb-below-header-display":"","ast-hfb-mobile-header-display":"","site-post-title":"","ast-breadcrumbs-content":"","ast-featured-img":"","footer-sml-layout":"","ast-disable-related-posts":"","theme-transparent-header-meta":"default","adv-header-id-meta":"","stick-header-meta":"","header-above-stick-meta":"","header-main-stick-meta":"","header-below-stick-meta":"","astra-migrate-meta-layouts":"set","ast-page-background-enabled":"default","ast-page-background-meta":{"desktop":{"background-color":"var(--ast-global-color-4)","background-image":"","background-repeat":"repeat","background-position":"center center","background-size":"auto","background-attachment":"scroll","background-type":"","background-media":"","overlay-type":"","overlay-color":"","overlay-opacity":"","overlay-gradient":""},"tablet":{"background-color":"","background-image":"","background-repeat":"repeat","background-position":"center center","background-size":"auto","background-attachment":"scroll","background-type":"","background-media":"","overlay-type":"","overlay-color":"","overlay-opacity":"","overlay-gradient":""},"mobile":{"background-color":"","background-image":"","background-repeat":"repeat","background-position":"center center","background-size":"auto","background-attachment":"scroll","background-type":"","background-media":"","overlay-type":"","overlay-color":"","overlay-opacity":"","overlay-gradient":""}},"ast-content-background-meta":{"desktop":{"background-color":"var(--ast-global-color-5)","background-image":"","background-repeat":"repeat","background-position":"center center","background-size":"auto","background-attachment":"scroll","background-type":"","background-media":"","overlay-type":"","overlay-color":"","overlay-opacity":"","overlay-gradient":""},"tablet":{"background-color":"var(--ast-global-color-5)","background-image":"","background-repeat":"repeat","background-position":"center center","background-size":"auto","background-attachment":"scroll","background-type":"","background-media":"","overlay-type":"","overlay-color":"","overlay-opacity":"","overlay-gradient":""},"mobile":{"background-color":"var(--ast-global-color-5)","background-image":"","background-repeat":"repeat","background-position":"center center","background-size":"auto","background-attachment":"scroll","background-type":"","background-media":"","overlay-type":"","overlay-color":"","overlay-opacity":"","overlay-gradient":""}},"footnotes":""},"categories":[1],"tags":[],"class_list":["post-2102","post","type-post","status-publish","format-standard","hentry","category-sem-categoria"],"_links":{"self":[{"href":"https:\/\/marcelcolares.adv.br\/index.php?rest_route=\/wp\/v2\/posts\/2102","targetHints":{"allow":["GET"]}}],"collection":[{"href":"https:\/\/marcelcolares.adv.br\/index.php?rest_route=\/wp\/v2\/posts"}],"about":[{"href":"https:\/\/marcelcolares.adv.br\/index.php?rest_route=\/wp\/v2\/types\/post"}],"author":[{"embeddable":true,"href":"https:\/\/marcelcolares.adv.br\/index.php?rest_route=\/wp\/v2\/users\/1"}],"replies":[{"embeddable":true,"href":"https:\/\/marcelcolares.adv.br\/index.php?rest_route=%2Fwp%2Fv2%2Fcomments&post=2102"}],"version-history":[{"count":1,"href":"https:\/\/marcelcolares.adv.br\/index.php?rest_route=\/wp\/v2\/posts\/2102\/revisions"}],"predecessor-version":[{"id":2104,"href":"https:\/\/marcelcolares.adv.br\/index.php?rest_route=\/wp\/v2\/posts\/2102\/revisions\/2104"}],"wp:attachment":[{"href":"https:\/\/marcelcolares.adv.br\/index.php?rest_route=%2Fwp%2Fv2%2Fmedia&parent=2102"}],"wp:term":[{"taxonomy":"category","embeddable":true,"href":"https:\/\/marcelcolares.adv.br\/index.php?rest_route=%2Fwp%2Fv2%2Fcategories&post=2102"},{"taxonomy":"post_tag","embeddable":true,"href":"https:\/\/marcelcolares.adv.br\/index.php?rest_route=%2Fwp%2Fv2%2Ftags&post=2102"}],"curies":[{"name":"wp","href":"https:\/\/api.w.org\/{rel}","templated":true}]}}