{"id":2121,"date":"2024-02-27T13:47:50","date_gmt":"2024-02-27T16:47:50","guid":{"rendered":"https:\/\/marcelcolares.adv.br\/?p=2121"},"modified":"2024-08-01T13:51:55","modified_gmt":"2024-08-01T16:51:55","slug":"medidas-socioeducativas-o-que-sao","status":"publish","type":"post","link":"https:\/\/marcelcolares.adv.br\/?p=2121","title":{"rendered":"Medidas Socioeducativas O Que S\u00e3o?"},"content":{"rendered":"<p><img fetchpriority=\"high\" decoding=\"async\" class=\"alignnone size-medium wp-image-2122\" src=\"https:\/\/marcelcolares.adv.br\/wp-content\/uploads\/2024\/07\/4-2-300x300.jpg\" alt=\"\" width=\"300\" height=\"300\" srcset=\"https:\/\/marcelcolares.adv.br\/wp-content\/uploads\/2024\/07\/4-2-300x300.jpg 300w, https:\/\/marcelcolares.adv.br\/wp-content\/uploads\/2024\/07\/4-2-1024x1024.jpg 1024w, https:\/\/marcelcolares.adv.br\/wp-content\/uploads\/2024\/07\/4-2-150x150.jpg 150w, https:\/\/marcelcolares.adv.br\/wp-content\/uploads\/2024\/07\/4-2-768x768.jpg 768w, https:\/\/marcelcolares.adv.br\/wp-content\/uploads\/2024\/07\/4-2.jpg 1080w\" sizes=\"(max-width: 300px) 100vw, 300px\" \/><\/p>\n<p>Elas s\u00e3o san\u00e7\u00f5es aplicadas aos adolescentes de 12 a 18 anos que praticam atos infracionais!<\/p>\n<p>Veja s\u00f3:<\/p>\n<p>Ato infracional \u00e9 quando um adolescente pratica uma conduta que \u00e9 descrita como crime.<\/p>\n<p>A diferen\u00e7a \u00e9 que, elas partem da ideia de que o adolescente est\u00e1 em fase de desenvolvimento e que sua puni\u00e7\u00e3o deve ser diferente do adulto.<\/p>\n<p>Existem medidas socioeducativas previstas em lei, divididas em meio aberto e fechado, veja s\u00f3:<\/p>\n<p>\u2794 Inicialmente, existe a advert\u00eancia, que \u00e9 uma chamada de aten\u00e7\u00e3o feita pelo Juiz e a repara\u00e7\u00e3o de danos da conduta praticada, se poss\u00edvel;<\/p>\n<p>\u2794 Tamb\u00e9m tem a presta\u00e7\u00e3o de servi\u00e7os \u00e0 comunidade com atividades realizadas gratuitamente em ONGs, escolas, hospitais e outros locais;<\/p>\n<p>\u2794 Ainda no meio aberto, existe a liberdade assistida aplicada para orientar o adolescente.<\/p>\n<p>Para isso, uma pessoa acompanhar\u00e1 o adolescente, supervisionar\u00e1 a frequ\u00eancia escolar, vai inseri-lo em programas de jovem aprendiz, inscrev\u00ea-lo em cursos de profissionaliza\u00e7\u00e3o e desenvolvimento pessoal, etc.<\/p>\n<p>\u2794 J\u00e1 no meio fechado, o adolescente tem sua liberdade restrita ou completamente privada, equivalente a uma penitenci\u00e1rias para os adultos.<\/p>\n<p>A diferen\u00e7a desses locais \u00e9 que h\u00e1 um compromisso muito grande com a escolariza\u00e7\u00e3o, cursos, trabalho, al\u00e9m do incentivo para desenvolver uma rela\u00e7\u00e3o do adolescente com a fam\u00edlia e comunidade.<\/p>\n<p>Gostou do conte\u00fado? Continue seguindo nosso perfil, seguiremos postando mais informa\u00e7\u00f5es e curiosidades jur\u00eddicas!<\/p>\n<p>E se precisar de ajuda, procure-nos para que possamos adequadamente orient\u00e1-lo (a)!<\/p>\n<p><a class=\"x1i10hfl xjbqb8w x1ejq31n xd10rxx x1sy0etr x17r0tee x972fbf xcfux6l x1qhh985 xm0m39n x9f619 x1ypdohk xt0psk2 xe8uvvx xdj266r x11i5rnm xat24cr x1mh8g0r xexx8yu x4uap5 x18d9i69 xkhd6sd x16tdsg8 x1hl2dhg xggy1nq x1a2a7pz  _aa9_ _a6hd\" tabindex=\"0\" role=\"link\" href=\"https:\/\/www.instagram.com\/explore\/tags\/penal\/\">#penal<\/a>\u00a0<a class=\"x1i10hfl xjbqb8w x1ejq31n xd10rxx x1sy0etr x17r0tee x972fbf xcfux6l x1qhh985 xm0m39n x9f619 x1ypdohk xt0psk2 xe8uvvx xdj266r x11i5rnm xat24cr x1mh8g0r xexx8yu x4uap5 x18d9i69 xkhd6sd x16tdsg8 x1hl2dhg xggy1nq x1a2a7pz  _aa9_ _a6hd\" tabindex=\"0\" role=\"link\" href=\"https:\/\/www.instagram.com\/explore\/tags\/adolescente\/\">#adolescente<\/a>\u00a0<a class=\"x1i10hfl xjbqb8w x1ejq31n xd10rxx x1sy0etr x17r0tee x972fbf xcfux6l x1qhh985 xm0m39n x9f619 x1ypdohk xt0psk2 xe8uvvx xdj266r x11i5rnm xat24cr x1mh8g0r xexx8yu x4uap5 x18d9i69 xkhd6sd x16tdsg8 x1hl2dhg xggy1nq x1a2a7pz  _aa9_ _a6hd\" tabindex=\"0\" role=\"link\" href=\"https:\/\/www.instagram.com\/explore\/tags\/adolescenteemconflitocomalei\/\">#adolescenteemconflitocomalei<\/a>\u00a0<a class=\"x1i10hfl xjbqb8w x1ejq31n xd10rxx x1sy0etr x17r0tee x972fbf xcfux6l x1qhh985 xm0m39n x9f619 x1ypdohk xt0psk2 xe8uvvx xdj266r x11i5rnm xat24cr x1mh8g0r xexx8yu x4uap5 x18d9i69 xkhd6sd x16tdsg8 x1hl2dhg xggy1nq x1a2a7pz  _aa9_ _a6hd\" tabindex=\"0\" role=\"link\" href=\"https:\/\/www.instagram.com\/explore\/tags\/medidassocioeducativas\/\">#medidassocioeducativas<\/a>\u00a0<a class=\"x1i10hfl xjbqb8w x1ejq31n xd10rxx x1sy0etr x17r0tee x972fbf xcfux6l x1qhh985 xm0m39n x9f619 x1ypdohk xt0psk2 xe8uvvx xdj266r x11i5rnm xat24cr x1mh8g0r xexx8yu x4uap5 x18d9i69 xkhd6sd x16tdsg8 x1hl2dhg xggy1nq x1a2a7pz  _aa9_ _a6hd\" tabindex=\"0\" role=\"link\" href=\"https:\/\/www.instagram.com\/explore\/tags\/eca\/\">#eca<\/a>\u00a0<a class=\"x1i10hfl xjbqb8w x1ejq31n xd10rxx x1sy0etr x17r0tee x972fbf xcfux6l x1qhh985 xm0m39n x9f619 x1ypdohk xt0psk2 xe8uvvx xdj266r x11i5rnm xat24cr x1mh8g0r xexx8yu x4uap5 x18d9i69 xkhd6sd x16tdsg8 x1hl2dhg xggy1nq x1a2a7pz  _aa9_ _a6hd\" tabindex=\"0\" role=\"link\" href=\"https:\/\/www.instagram.com\/explore\/tags\/educa%C3%A7%C3%A3o\/\">#educa\u00e7\u00e3o<\/a>\u00a0<a class=\"x1i10hfl xjbqb8w x1ejq31n xd10rxx x1sy0etr x17r0tee x972fbf xcfux6l x1qhh985 xm0m39n x9f619 x1ypdohk xt0psk2 xe8uvvx xdj266r x11i5rnm xat24cr x1mh8g0r xexx8yu x4uap5 x18d9i69 xkhd6sd x16tdsg8 x1hl2dhg xggy1nq x1a2a7pz  _aa9_ _a6hd\" tabindex=\"0\" role=\"link\" href=\"https:\/\/www.instagram.com\/explore\/tags\/crime\/\">#crime<\/a>\u00a0<a class=\"x1i10hfl xjbqb8w x1ejq31n xd10rxx x1sy0etr x17r0tee x972fbf xcfux6l x1qhh985 xm0m39n x9f619 x1ypdohk xt0psk2 xe8uvvx xdj266r x11i5rnm xat24cr x1mh8g0r xexx8yu x4uap5 x18d9i69 xkhd6sd x16tdsg8 x1hl2dhg xggy1nq x1a2a7pz  _aa9_ _a6hd\" tabindex=\"0\" role=\"link\" href=\"https:\/\/www.instagram.com\/explore\/tags\/liberdade\/\">#liberdade<\/a>\u00a0<a class=\"x1i10hfl xjbqb8w x1ejq31n xd10rxx x1sy0etr x17r0tee x972fbf xcfux6l x1qhh985 xm0m39n x9f619 x1ypdohk xt0psk2 xe8uvvx xdj266r x11i5rnm xat24cr x1mh8g0r xexx8yu x4uap5 x18d9i69 xkhd6sd x16tdsg8 x1hl2dhg xggy1nq x1a2a7pz  _aa9_ _a6hd\" tabindex=\"0\" role=\"link\" href=\"https:\/\/www.instagram.com\/explore\/tags\/atoinfracional\/\">#atoinfracional<\/a><\/p>\n","protected":false},"excerpt":{"rendered":"<p>Elas s\u00e3o san\u00e7\u00f5es aplicadas aos adolescentes de 12 a 18 anos que praticam atos infracionais! Veja s\u00f3: Ato infracional \u00e9 quando um adolescente pratica uma conduta que \u00e9 descrita como crime. A diferen\u00e7a \u00e9 que, elas partem da ideia de que o adolescente est\u00e1 em fase de desenvolvimento e que sua puni\u00e7\u00e3o deve ser diferente do adulto. Existem medidas socioeducativas previstas em lei, divididas em meio aberto e fechado, veja s\u00f3: \u2794 Inicialmente, existe a advert\u00eancia, que \u00e9 uma chamada de aten\u00e7\u00e3o feita pelo Juiz e a repara\u00e7\u00e3o de danos da conduta praticada, se poss\u00edvel; \u2794 Tamb\u00e9m tem a presta\u00e7\u00e3o de servi\u00e7os \u00e0 comunidade com atividades realizadas gratuitamente em ONGs, escolas, hospitais e outros locais; \u2794 Ainda no meio aberto, existe a liberdade assistida aplicada para orientar o adolescente. Para isso, uma pessoa acompanhar\u00e1 o adolescente, supervisionar\u00e1 a frequ\u00eancia escolar, vai inseri-lo em programas de jovem aprendiz, inscrev\u00ea-lo em cursos de profissionaliza\u00e7\u00e3o e desenvolvimento pessoal, etc. \u2794 J\u00e1 no meio fechado, o adolescente tem sua liberdade restrita ou completamente privada, equivalente a uma penitenci\u00e1rias para os adultos. A diferen\u00e7a desses locais \u00e9 que h\u00e1 um compromisso muito grande com a escolariza\u00e7\u00e3o, cursos, trabalho, al\u00e9m do incentivo para desenvolver uma rela\u00e7\u00e3o do adolescente com a fam\u00edlia e comunidade. Gostou do conte\u00fado? Continue seguindo nosso perfil, seguiremos postando mais informa\u00e7\u00f5es e curiosidades jur\u00eddicas! E se precisar de ajuda, procure-nos para que possamos adequadamente orient\u00e1-lo (a)! #penal\u00a0#adolescente\u00a0#adolescenteemconflitocomalei\u00a0#medidassocioeducativas\u00a0#eca\u00a0#educa\u00e7\u00e3o\u00a0#crime\u00a0#liberdade\u00a0#atoinfracional<\/p>\n","protected":false},"author":1,"featured_media":0,"comment_status":"closed","ping_status":"open","sticky":false,"template":"","format":"standard","meta":{"site-sidebar-layout":"default","site-content-layout":"","ast-site-content-layout":"default","site-content-style":"default","site-sidebar-style":"default","ast-global-header-display":"","ast-banner-title-visibility":"","ast-main-header-display":"","ast-hfb-above-header-display":"","ast-hfb-below-header-display":"","ast-hfb-mobile-header-display":"","site-post-title":"","ast-breadcrumbs-content":"","ast-featured-img":"","footer-sml-layout":"","ast-disable-related-posts":"","theme-transparent-header-meta":"default","adv-header-id-meta":"","stick-header-meta":"","header-above-stick-meta":"","header-main-stick-meta":"","header-below-stick-meta":"","astra-migrate-meta-layouts":"set","ast-page-background-enabled":"default","ast-page-background-meta":{"desktop":{"background-color":"var(--ast-global-color-4)","background-image":"","background-repeat":"repeat","background-position":"center center","background-size":"auto","background-attachment":"scroll","background-type":"","background-media":"","overlay-type":"","overlay-color":"","overlay-opacity":"","overlay-gradient":""},"tablet":{"background-color":"","background-image":"","background-repeat":"repeat","background-position":"center center","background-size":"auto","background-attachment":"scroll","background-type":"","background-media":"","overlay-type":"","overlay-color":"","overlay-opacity":"","overlay-gradient":""},"mobile":{"background-color":"","background-image":"","background-repeat":"repeat","background-position":"center center","background-size":"auto","background-attachment":"scroll","background-type":"","background-media":"","overlay-type":"","overlay-color":"","overlay-opacity":"","overlay-gradient":""}},"ast-content-background-meta":{"desktop":{"background-color":"var(--ast-global-color-5)","background-image":"","background-repeat":"repeat","background-position":"center center","background-size":"auto","background-attachment":"scroll","background-type":"","background-media":"","overlay-type":"","overlay-color":"","overlay-opacity":"","overlay-gradient":""},"tablet":{"background-color":"var(--ast-global-color-5)","background-image":"","background-repeat":"repeat","background-position":"center center","background-size":"auto","background-attachment":"scroll","background-type":"","background-media":"","overlay-type":"","overlay-color":"","overlay-opacity":"","overlay-gradient":""},"mobile":{"background-color":"var(--ast-global-color-5)","background-image":"","background-repeat":"repeat","background-position":"center center","background-size":"auto","background-attachment":"scroll","background-type":"","background-media":"","overlay-type":"","overlay-color":"","overlay-opacity":"","overlay-gradient":""}},"footnotes":""},"categories":[1],"tags":[],"class_list":["post-2121","post","type-post","status-publish","format-standard","hentry","category-sem-categoria"],"_links":{"self":[{"href":"https:\/\/marcelcolares.adv.br\/index.php?rest_route=\/wp\/v2\/posts\/2121","targetHints":{"allow":["GET"]}}],"collection":[{"href":"https:\/\/marcelcolares.adv.br\/index.php?rest_route=\/wp\/v2\/posts"}],"about":[{"href":"https:\/\/marcelcolares.adv.br\/index.php?rest_route=\/wp\/v2\/types\/post"}],"author":[{"embeddable":true,"href":"https:\/\/marcelcolares.adv.br\/index.php?rest_route=\/wp\/v2\/users\/1"}],"replies":[{"embeddable":true,"href":"https:\/\/marcelcolares.adv.br\/index.php?rest_route=%2Fwp%2Fv2%2Fcomments&post=2121"}],"version-history":[{"count":1,"href":"https:\/\/marcelcolares.adv.br\/index.php?rest_route=\/wp\/v2\/posts\/2121\/revisions"}],"predecessor-version":[{"id":2123,"href":"https:\/\/marcelcolares.adv.br\/index.php?rest_route=\/wp\/v2\/posts\/2121\/revisions\/2123"}],"wp:attachment":[{"href":"https:\/\/marcelcolares.adv.br\/index.php?rest_route=%2Fwp%2Fv2%2Fmedia&parent=2121"}],"wp:term":[{"taxonomy":"category","embeddable":true,"href":"https:\/\/marcelcolares.adv.br\/index.php?rest_route=%2Fwp%2Fv2%2Fcategories&post=2121"},{"taxonomy":"post_tag","embeddable":true,"href":"https:\/\/marcelcolares.adv.br\/index.php?rest_route=%2Fwp%2Fv2%2Ftags&post=2121"}],"curies":[{"name":"wp","href":"https:\/\/api.w.org\/{rel}","templated":true}]}}