{"id":2168,"date":"2024-03-06T14:48:11","date_gmt":"2024-03-06T17:48:11","guid":{"rendered":"https:\/\/marcelcolares.adv.br\/?p=2168"},"modified":"2024-08-01T14:07:28","modified_gmt":"2024-08-01T17:07:28","slug":"bpc-loas-e-bolsa-familia-posso-receber-ambos","status":"publish","type":"post","link":"https:\/\/marcelcolares.adv.br\/?p=2168","title":{"rendered":"BPC\/LOAS e Bolsa Fam\u00edlia: Posso Receber Ambos?"},"content":{"rendered":"<p><img fetchpriority=\"high\" decoding=\"async\" class=\"alignnone size-medium wp-image-2169\" src=\"https:\/\/marcelcolares.adv.br\/wp-content\/uploads\/2024\/07\/2-4-300x300.jpg\" alt=\"\" width=\"300\" height=\"300\" srcset=\"https:\/\/marcelcolares.adv.br\/wp-content\/uploads\/2024\/07\/2-4-300x300.jpg 300w, https:\/\/marcelcolares.adv.br\/wp-content\/uploads\/2024\/07\/2-4-1024x1024.jpg 1024w, https:\/\/marcelcolares.adv.br\/wp-content\/uploads\/2024\/07\/2-4-150x150.jpg 150w, https:\/\/marcelcolares.adv.br\/wp-content\/uploads\/2024\/07\/2-4-768x768.jpg 768w, https:\/\/marcelcolares.adv.br\/wp-content\/uploads\/2024\/07\/2-4.jpg 1080w\" sizes=\"(max-width: 300px) 100vw, 300px\" \/><\/p>\n<p>O Benef\u00edcio de Presta\u00e7\u00e3o Continuada (BPC) \u00e9 um benef\u00edcio assistencial pago ao idoso e \u00e0 pessoa com defici\u00eancia que n\u00e3o t\u00eam meios de se sustentar.<\/p>\n<p>O Bolsa fam\u00edlia faz parte de um Programa Federal de transfer\u00eancia de renda com objetivo de combater a pobreza e a fome no Brasil.<\/p>\n<p>Se a fam\u00edlia j\u00e1 recebe o Bolsa Fam\u00edlia, esse valor n\u00e3o entra no c\u00e1lculo da renda per capita para ter direito ao BPC.<\/p>\n<p>Nessa situa\u00e7\u00e3o, \u00e9 poss\u00edvel acumular os benef\u00edcios sem maiores complica\u00e7\u00f5es.<\/p>\n<p>No entanto, se algum membro do grupo familiar recebe BPC, o valor entra no c\u00e1lculo da renda para acesso ao Bolsa Fam\u00edlia, e o direito aos dois benef\u00edcios vai depender da composi\u00e7\u00e3o da renda do grupo familiar.<\/p>\n<p>Ficou com alguma d\u00favida? Entre em contato conosco! Somos especialistas na \u00e1rea previdenci\u00e1ria!<\/p>\n<p><a href=\"https:\/\/www.instagram.com\/explore\/tags\/previdenci%C3%A1rio\/\">#previdenci\u00e1rio<\/a>\u00a0<a href=\"https:\/\/www.instagram.com\/explore\/tags\/assist%C3%AAnciasocial\/\">#assist\u00eanciasocial<\/a>\u00a0<a href=\"https:\/\/www.instagram.com\/explore\/tags\/bolsafam%C3%ADlia\/\">#bolsafam\u00edlia<\/a>\u00a0<a href=\"https:\/\/www.instagram.com\/explore\/tags\/bpc\/\">#BPC<\/a>LOAS\u00a0<a href=\"https:\/\/www.instagram.com\/explore\/tags\/inss\/\">#INSS<\/a>\u00a0<a href=\"https:\/\/www.instagram.com\/explore\/tags\/advogadoprevidenciarista\/\">#advogadoprevidenciarista<\/a>\u00a0<a href=\"https:\/\/www.instagram.com\/explore\/tags\/advocaciaespecializada\/\">#advocaciaespecializada<\/a><\/p>\n<div class=\"x9f619 xjbqb8w x78zum5 x168nmei x13lgxp2 x5pf9jr xo71vjh x1xmf6yo x12nagc x1n2onr6 x1plvlek xryxfnj x1c4vz4f x2lah0s xdt5ytf xqjyukv x1qjc9v5 x1oa3qoh x1nhvcw1\"><\/div>\n","protected":false},"excerpt":{"rendered":"<p>O Benef\u00edcio de Presta\u00e7\u00e3o Continuada (BPC) \u00e9 um benef\u00edcio assistencial pago ao idoso e \u00e0 pessoa com defici\u00eancia que n\u00e3o t\u00eam meios de se sustentar. O Bolsa fam\u00edlia faz parte de um Programa Federal de transfer\u00eancia de renda com objetivo de combater a pobreza e a fome no Brasil. Se a fam\u00edlia j\u00e1 recebe o Bolsa Fam\u00edlia, esse valor n\u00e3o entra no c\u00e1lculo da renda per capita para ter direito ao BPC. Nessa situa\u00e7\u00e3o, \u00e9 poss\u00edvel acumular os benef\u00edcios sem maiores complica\u00e7\u00f5es. No entanto, se algum membro do grupo familiar recebe BPC, o valor entra no c\u00e1lculo da renda para acesso ao Bolsa Fam\u00edlia, e o direito aos dois benef\u00edcios vai depender da composi\u00e7\u00e3o da renda do grupo familiar. Ficou com alguma d\u00favida? Entre em contato conosco! Somos especialistas na \u00e1rea previdenci\u00e1ria! #previdenci\u00e1rio\u00a0#assist\u00eanciasocial\u00a0#bolsafam\u00edlia\u00a0#BPCLOAS\u00a0#INSS\u00a0#advogadoprevidenciarista\u00a0#advocaciaespecializada<\/p>\n","protected":false},"author":1,"featured_media":0,"comment_status":"closed","ping_status":"open","sticky":false,"template":"","format":"standard","meta":{"site-sidebar-layout":"default","site-content-layout":"","ast-site-content-layout":"default","site-content-style":"default","site-sidebar-style":"default","ast-global-header-display":"","ast-banner-title-visibility":"","ast-main-header-display":"","ast-hfb-above-header-display":"","ast-hfb-below-header-display":"","ast-hfb-mobile-header-display":"","site-post-title":"","ast-breadcrumbs-content":"","ast-featured-img":"","footer-sml-layout":"","ast-disable-related-posts":"","theme-transparent-header-meta":"default","adv-header-id-meta":"","stick-header-meta":"","header-above-stick-meta":"","header-main-stick-meta":"","header-below-stick-meta":"","astra-migrate-meta-layouts":"set","ast-page-background-enabled":"default","ast-page-background-meta":{"desktop":{"background-color":"var(--ast-global-color-4)","background-image":"","background-repeat":"repeat","background-position":"center center","background-size":"auto","background-attachment":"scroll","background-type":"","background-media":"","overlay-type":"","overlay-color":"","overlay-opacity":"","overlay-gradient":""},"tablet":{"background-color":"","background-image":"","background-repeat":"repeat","background-position":"center center","background-size":"auto","background-attachment":"scroll","background-type":"","background-media":"","overlay-type":"","overlay-color":"","overlay-opacity":"","overlay-gradient":""},"mobile":{"background-color":"","background-image":"","background-repeat":"repeat","background-position":"center center","background-size":"auto","background-attachment":"scroll","background-type":"","background-media":"","overlay-type":"","overlay-color":"","overlay-opacity":"","overlay-gradient":""}},"ast-content-background-meta":{"desktop":{"background-color":"var(--ast-global-color-5)","background-image":"","background-repeat":"repeat","background-position":"center center","background-size":"auto","background-attachment":"scroll","background-type":"","background-media":"","overlay-type":"","overlay-color":"","overlay-opacity":"","overlay-gradient":""},"tablet":{"background-color":"var(--ast-global-color-5)","background-image":"","background-repeat":"repeat","background-position":"center center","background-size":"auto","background-attachment":"scroll","background-type":"","background-media":"","overlay-type":"","overlay-color":"","overlay-opacity":"","overlay-gradient":""},"mobile":{"background-color":"var(--ast-global-color-5)","background-image":"","background-repeat":"repeat","background-position":"center center","background-size":"auto","background-attachment":"scroll","background-type":"","background-media":"","overlay-type":"","overlay-color":"","overlay-opacity":"","overlay-gradient":""}},"footnotes":""},"categories":[1],"tags":[],"class_list":["post-2168","post","type-post","status-publish","format-standard","hentry","category-sem-categoria"],"_links":{"self":[{"href":"https:\/\/marcelcolares.adv.br\/index.php?rest_route=\/wp\/v2\/posts\/2168","targetHints":{"allow":["GET"]}}],"collection":[{"href":"https:\/\/marcelcolares.adv.br\/index.php?rest_route=\/wp\/v2\/posts"}],"about":[{"href":"https:\/\/marcelcolares.adv.br\/index.php?rest_route=\/wp\/v2\/types\/post"}],"author":[{"embeddable":true,"href":"https:\/\/marcelcolares.adv.br\/index.php?rest_route=\/wp\/v2\/users\/1"}],"replies":[{"embeddable":true,"href":"https:\/\/marcelcolares.adv.br\/index.php?rest_route=%2Fwp%2Fv2%2Fcomments&post=2168"}],"version-history":[{"count":1,"href":"https:\/\/marcelcolares.adv.br\/index.php?rest_route=\/wp\/v2\/posts\/2168\/revisions"}],"predecessor-version":[{"id":2172,"href":"https:\/\/marcelcolares.adv.br\/index.php?rest_route=\/wp\/v2\/posts\/2168\/revisions\/2172"}],"wp:attachment":[{"href":"https:\/\/marcelcolares.adv.br\/index.php?rest_route=%2Fwp%2Fv2%2Fmedia&parent=2168"}],"wp:term":[{"taxonomy":"category","embeddable":true,"href":"https:\/\/marcelcolares.adv.br\/index.php?rest_route=%2Fwp%2Fv2%2Fcategories&post=2168"},{"taxonomy":"post_tag","embeddable":true,"href":"https:\/\/marcelcolares.adv.br\/index.php?rest_route=%2Fwp%2Fv2%2Ftags&post=2168"}],"curies":[{"name":"wp","href":"https:\/\/api.w.org\/{rel}","templated":true}]}}