{"id":2210,"date":"2024-03-13T16:53:41","date_gmt":"2024-03-13T19:53:41","guid":{"rendered":"https:\/\/marcelcolares.adv.br\/?p=2210"},"modified":"2024-08-01T14:14:55","modified_gmt":"2024-08-01T17:14:55","slug":"direito-a-manifestacao-e-culto-religioso-o-que-voce-precisa-saber","status":"publish","type":"post","link":"https:\/\/marcelcolares.adv.br\/?p=2210","title":{"rendered":"Direito \u00e0 Manifesta\u00e7\u00e3o e Culto Religioso: O que Voc\u00ea Precisa Saber!"},"content":{"rendered":"<p><img fetchpriority=\"high\" decoding=\"async\" class=\"alignnone size-medium wp-image-2212\" src=\"https:\/\/marcelcolares.adv.br\/wp-content\/uploads\/2024\/07\/3-1-1-300x300.jpg\" alt=\"\" width=\"300\" height=\"300\" srcset=\"https:\/\/marcelcolares.adv.br\/wp-content\/uploads\/2024\/07\/3-1-1-300x300.jpg 300w, https:\/\/marcelcolares.adv.br\/wp-content\/uploads\/2024\/07\/3-1-1-1024x1024.jpg 1024w, https:\/\/marcelcolares.adv.br\/wp-content\/uploads\/2024\/07\/3-1-1-150x150.jpg 150w, https:\/\/marcelcolares.adv.br\/wp-content\/uploads\/2024\/07\/3-1-1-768x768.jpg 768w, https:\/\/marcelcolares.adv.br\/wp-content\/uploads\/2024\/07\/3-1-1.jpg 1080w\" sizes=\"(max-width: 300px) 100vw, 300px\" \/><\/p>\n<p>O Brasil \u00e9 considerado um Estado laico, o que significa a aus\u00eancia de interfer\u00eancia religiosa nas decis\u00f5es tomadas pela administra\u00e7\u00e3o.<\/p>\n<p>Em um estado laico, n\u00e3o \u00e9 poss\u00edvel a imposi\u00e7\u00e3o de leis religiosas de uma f\u00e9 em desfavor de outra, por exemplo.<\/p>\n<p>Ou, ainda, a elei\u00e7\u00e3o de uma determinada divindade como verdadeira ou oficial.<\/p>\n<p>Todavia, ser laico tampouco quer dizer a proibi\u00e7\u00e3o ou a nega\u00e7\u00e3o de cren\u00e7as religiosas. Muito pelo contr\u00e1rio.<\/p>\n<p>A Constitui\u00e7\u00e3o brasileira estipula a liberdade de cren\u00e7a, assim como a de culto religioso, de forma livre por seus cidad\u00e3os.<\/p>\n<p>Isso significa que \u00e9 direito de todo brasileiro e estrangeiro que esteja no Brasil crer livremente em qualquer doutrina religiosa que deseja, assim como manifestar sua cren\u00e7a.<\/p>\n<p>Mais que isso, ningu\u00e9m pode sofrer san\u00e7\u00e3o ou restri\u00e7\u00e3o de direitos motivada por sua cren\u00e7a religiosa.<\/p>\n<p>A manifesta\u00e7\u00e3o da cren\u00e7a e as formas de culto encontram in\u00fameras varia\u00e7\u00f5es, a depender da f\u00e9 e das particularidades culturais a ela relacionadas.<\/p>\n<p>N\u00e3o cabe ao Estado delimitar certo ou errado.<\/p>\n<p>Por\u00e9m, sendo uma democracia, na qual a conviv\u00eancia harm\u00f4nica entre religi\u00f5es e cren\u00e7as deve prevalecer, algumas restri\u00e7\u00f5es s\u00e3o poss\u00edveis em casos excepcionais.<\/p>\n<p>Por exemplo, tornou-se comum durante a pandemia de covid-19 a proibi\u00e7\u00e3o de cultos coletivos e em locais fechados.<\/p>\n<p>Foi uma medida tomada diante da necessidade de preservar a sa\u00fade e evitar a prolifera\u00e7\u00e3o do v\u00edrus.<\/p>\n<p>Outro caso relevante relacionado ao direito de manifesta\u00e7\u00e3o religiosa \u00e9 a proibi\u00e7\u00e3o do discurso de \u00f3dio.<\/p>\n<p>Trata-se da veda\u00e7\u00e3o a manifesta\u00e7\u00f5es que incitem ou reforcem o comportamento violento, de repulsa ou degrada\u00e7\u00e3o de outras religi\u00f5es, cultos ou doutrinas.<\/p>\n<p>Gostou do conte\u00fado?<\/p>\n<p>Continue acompanhando o nosso perfil jur\u00eddico!<\/p>\n<p><a class=\"x1i10hfl xjbqb8w x1ejq31n xd10rxx x1sy0etr x17r0tee x972fbf xcfux6l x1qhh985 xm0m39n x9f619 x1ypdohk xt0psk2 xe8uvvx xdj266r x11i5rnm xat24cr x1mh8g0r xexx8yu x4uap5 x18d9i69 xkhd6sd x16tdsg8 x1hl2dhg xggy1nq x1a2a7pz  _aa9_ _a6hd\" tabindex=\"0\" role=\"link\" href=\"https:\/\/www.instagram.com\/explore\/tags\/direitodasreligi%C3%B5es\/\">#direitodasreligi\u00f5es<\/a>\u00a0<a class=\"x1i10hfl xjbqb8w x1ejq31n xd10rxx x1sy0etr x17r0tee x972fbf xcfux6l x1qhh985 xm0m39n x9f619 x1ypdohk xt0psk2 xe8uvvx xdj266r x11i5rnm xat24cr x1mh8g0r xexx8yu x4uap5 x18d9i69 xkhd6sd x16tdsg8 x1hl2dhg xggy1nq x1a2a7pz  _aa9_ _a6hd\" tabindex=\"0\" role=\"link\" href=\"https:\/\/www.instagram.com\/explore\/tags\/religi%C3%A3o\/\">#religi\u00e3o<\/a>\u00a0<a class=\"x1i10hfl xjbqb8w x1ejq31n xd10rxx x1sy0etr x17r0tee x972fbf xcfux6l x1qhh985 xm0m39n x9f619 x1ypdohk xt0psk2 xe8uvvx xdj266r x11i5rnm xat24cr x1mh8g0r xexx8yu x4uap5 x18d9i69 xkhd6sd x16tdsg8 x1hl2dhg xggy1nq x1a2a7pz  _aa9_ _a6hd\" tabindex=\"0\" role=\"link\" href=\"https:\/\/www.instagram.com\/explore\/tags\/liberdade\/\">#liberdade<\/a>\u00a0<a class=\"x1i10hfl xjbqb8w x1ejq31n xd10rxx x1sy0etr x17r0tee x972fbf xcfux6l x1qhh985 xm0m39n x9f619 x1ypdohk xt0psk2 xe8uvvx xdj266r x11i5rnm xat24cr x1mh8g0r xexx8yu x4uap5 x18d9i69 xkhd6sd x16tdsg8 x1hl2dhg xggy1nq x1a2a7pz  _aa9_ _a6hd\" tabindex=\"0\" role=\"link\" href=\"https:\/\/www.instagram.com\/explore\/tags\/liberdadereligiosa\/\">#liberdadereligiosa<\/a>\u00a0<a class=\"x1i10hfl xjbqb8w x1ejq31n xd10rxx x1sy0etr x17r0tee x972fbf xcfux6l x1qhh985 xm0m39n x9f619 x1ypdohk xt0psk2 xe8uvvx xdj266r x11i5rnm xat24cr x1mh8g0r xexx8yu x4uap5 x18d9i69 xkhd6sd x16tdsg8 x1hl2dhg xggy1nq x1a2a7pz  _aa9_ _a6hd\" tabindex=\"0\" role=\"link\" href=\"https:\/\/www.instagram.com\/explore\/tags\/culto\/\">#culto<\/a>\u00a0<a class=\"x1i10hfl xjbqb8w x1ejq31n xd10rxx x1sy0etr x17r0tee x972fbf xcfux6l x1qhh985 xm0m39n x9f619 x1ypdohk xt0psk2 xe8uvvx xdj266r x11i5rnm xat24cr x1mh8g0r xexx8yu x4uap5 x18d9i69 xkhd6sd x16tdsg8 x1hl2dhg xggy1nq x1a2a7pz  _aa9_ _a6hd\" tabindex=\"0\" role=\"link\" href=\"https:\/\/www.instagram.com\/explore\/tags\/constitui%C3%A7%C3%A3o\/\">#Constitui\u00e7\u00e3o<\/a>\u00a0<a class=\"x1i10hfl xjbqb8w x1ejq31n xd10rxx x1sy0etr x17r0tee x972fbf xcfux6l x1qhh985 xm0m39n x9f619 x1ypdohk xt0psk2 xe8uvvx xdj266r x11i5rnm xat24cr x1mh8g0r xexx8yu x4uap5 x18d9i69 xkhd6sd x16tdsg8 x1hl2dhg xggy1nq x1a2a7pz  _aa9_ _a6hd\" tabindex=\"0\" role=\"link\" href=\"https:\/\/www.instagram.com\/explore\/tags\/direitoshumanos\/\">#direitoshumanos<\/a>\u00a0<a class=\"x1i10hfl xjbqb8w x1ejq31n xd10rxx x1sy0etr x17r0tee x972fbf xcfux6l x1qhh985 xm0m39n x9f619 x1ypdohk xt0psk2 xe8uvvx xdj266r x11i5rnm xat24cr x1mh8g0r xexx8yu x4uap5 x18d9i69 xkhd6sd x16tdsg8 x1hl2dhg xggy1nq x1a2a7pz  _aa9_ _a6hd\" tabindex=\"0\" role=\"link\" href=\"https:\/\/www.instagram.com\/explore\/tags\/direitosfundamentais\/\">#direitosfundamentais<\/a>\u00a0<a class=\"x1i10hfl xjbqb8w x1ejq31n xd10rxx x1sy0etr x17r0tee x972fbf xcfux6l x1qhh985 xm0m39n x9f619 x1ypdohk xt0psk2 xe8uvvx xdj266r x11i5rnm xat24cr x1mh8g0r xexx8yu x4uap5 x18d9i69 xkhd6sd x16tdsg8 x1hl2dhg xggy1nq x1a2a7pz  _aa9_ _a6hd\" tabindex=\"0\" role=\"link\" href=\"https:\/\/www.instagram.com\/explore\/tags\/f%C3%A9\/\">#f\u00e9<\/a><\/p>\n","protected":false},"excerpt":{"rendered":"<p>O Brasil \u00e9 considerado um Estado laico, o que significa a aus\u00eancia de interfer\u00eancia religiosa nas decis\u00f5es tomadas pela administra\u00e7\u00e3o. Em um estado laico, n\u00e3o \u00e9 poss\u00edvel a imposi\u00e7\u00e3o de leis religiosas de uma f\u00e9 em desfavor de outra, por exemplo. Ou, ainda, a elei\u00e7\u00e3o de uma determinada divindade como verdadeira ou oficial. Todavia, ser laico tampouco quer dizer a proibi\u00e7\u00e3o ou a nega\u00e7\u00e3o de cren\u00e7as religiosas. Muito pelo contr\u00e1rio. A Constitui\u00e7\u00e3o brasileira estipula a liberdade de cren\u00e7a, assim como a de culto religioso, de forma livre por seus cidad\u00e3os. Isso significa que \u00e9 direito de todo brasileiro e estrangeiro que esteja no Brasil crer livremente em qualquer doutrina religiosa que deseja, assim como manifestar sua cren\u00e7a. Mais que isso, ningu\u00e9m pode sofrer san\u00e7\u00e3o ou restri\u00e7\u00e3o de direitos motivada por sua cren\u00e7a religiosa. A manifesta\u00e7\u00e3o da cren\u00e7a e as formas de culto encontram in\u00fameras varia\u00e7\u00f5es, a depender da f\u00e9 e das particularidades culturais a ela relacionadas. N\u00e3o cabe ao Estado delimitar certo ou errado. Por\u00e9m, sendo uma democracia, na qual a conviv\u00eancia harm\u00f4nica entre religi\u00f5es e cren\u00e7as deve prevalecer, algumas restri\u00e7\u00f5es s\u00e3o poss\u00edveis em casos excepcionais. Por exemplo, tornou-se comum durante a pandemia de covid-19 a proibi\u00e7\u00e3o de cultos coletivos e em locais fechados. Foi uma medida tomada diante da necessidade de preservar a sa\u00fade e evitar a prolifera\u00e7\u00e3o do v\u00edrus. Outro caso relevante relacionado ao direito de manifesta\u00e7\u00e3o religiosa \u00e9 a proibi\u00e7\u00e3o do discurso de \u00f3dio. Trata-se da veda\u00e7\u00e3o a manifesta\u00e7\u00f5es que incitem ou reforcem o comportamento violento, de repulsa ou degrada\u00e7\u00e3o de outras religi\u00f5es, cultos ou doutrinas. Gostou do conte\u00fado? Continue acompanhando o nosso perfil jur\u00eddico! #direitodasreligi\u00f5es\u00a0#religi\u00e3o\u00a0#liberdade\u00a0#liberdadereligiosa\u00a0#culto\u00a0#Constitui\u00e7\u00e3o\u00a0#direitoshumanos\u00a0#direitosfundamentais\u00a0#f\u00e9<\/p>\n","protected":false},"author":1,"featured_media":0,"comment_status":"closed","ping_status":"open","sticky":false,"template":"","format":"standard","meta":{"site-sidebar-layout":"default","site-content-layout":"","ast-site-content-layout":"default","site-content-style":"default","site-sidebar-style":"default","ast-global-header-display":"","ast-banner-title-visibility":"","ast-main-header-display":"","ast-hfb-above-header-display":"","ast-hfb-below-header-display":"","ast-hfb-mobile-header-display":"","site-post-title":"","ast-breadcrumbs-content":"","ast-featured-img":"","footer-sml-layout":"","ast-disable-related-posts":"","theme-transparent-header-meta":"default","adv-header-id-meta":"","stick-header-meta":"","header-above-stick-meta":"","header-main-stick-meta":"","header-below-stick-meta":"","astra-migrate-meta-layouts":"set","ast-page-background-enabled":"default","ast-page-background-meta":{"desktop":{"background-color":"var(--ast-global-color-4)","background-image":"","background-repeat":"repeat","background-position":"center center","background-size":"auto","background-attachment":"scroll","background-type":"","background-media":"","overlay-type":"","overlay-color":"","overlay-opacity":"","overlay-gradient":""},"tablet":{"background-color":"","background-image":"","background-repeat":"repeat","background-position":"center center","background-size":"auto","background-attachment":"scroll","background-type":"","background-media":"","overlay-type":"","overlay-color":"","overlay-opacity":"","overlay-gradient":""},"mobile":{"background-color":"","background-image":"","background-repeat":"repeat","background-position":"center center","background-size":"auto","background-attachment":"scroll","background-type":"","background-media":"","overlay-type":"","overlay-color":"","overlay-opacity":"","overlay-gradient":""}},"ast-content-background-meta":{"desktop":{"background-color":"var(--ast-global-color-5)","background-image":"","background-repeat":"repeat","background-position":"center center","background-size":"auto","background-attachment":"scroll","background-type":"","background-media":"","overlay-type":"","overlay-color":"","overlay-opacity":"","overlay-gradient":""},"tablet":{"background-color":"var(--ast-global-color-5)","background-image":"","background-repeat":"repeat","background-position":"center center","background-size":"auto","background-attachment":"scroll","background-type":"","background-media":"","overlay-type":"","overlay-color":"","overlay-opacity":"","overlay-gradient":""},"mobile":{"background-color":"var(--ast-global-color-5)","background-image":"","background-repeat":"repeat","background-position":"center center","background-size":"auto","background-attachment":"scroll","background-type":"","background-media":"","overlay-type":"","overlay-color":"","overlay-opacity":"","overlay-gradient":""}},"footnotes":""},"categories":[1],"tags":[],"class_list":["post-2210","post","type-post","status-publish","format-standard","hentry","category-sem-categoria"],"_links":{"self":[{"href":"https:\/\/marcelcolares.adv.br\/index.php?rest_route=\/wp\/v2\/posts\/2210","targetHints":{"allow":["GET"]}}],"collection":[{"href":"https:\/\/marcelcolares.adv.br\/index.php?rest_route=\/wp\/v2\/posts"}],"about":[{"href":"https:\/\/marcelcolares.adv.br\/index.php?rest_route=\/wp\/v2\/types\/post"}],"author":[{"embeddable":true,"href":"https:\/\/marcelcolares.adv.br\/index.php?rest_route=\/wp\/v2\/users\/1"}],"replies":[{"embeddable":true,"href":"https:\/\/marcelcolares.adv.br\/index.php?rest_route=%2Fwp%2Fv2%2Fcomments&post=2210"}],"version-history":[{"count":1,"href":"https:\/\/marcelcolares.adv.br\/index.php?rest_route=\/wp\/v2\/posts\/2210\/revisions"}],"predecessor-version":[{"id":2213,"href":"https:\/\/marcelcolares.adv.br\/index.php?rest_route=\/wp\/v2\/posts\/2210\/revisions\/2213"}],"wp:attachment":[{"href":"https:\/\/marcelcolares.adv.br\/index.php?rest_route=%2Fwp%2Fv2%2Fmedia&parent=2210"}],"wp:term":[{"taxonomy":"category","embeddable":true,"href":"https:\/\/marcelcolares.adv.br\/index.php?rest_route=%2Fwp%2Fv2%2Fcategories&post=2210"},{"taxonomy":"post_tag","embeddable":true,"href":"https:\/\/marcelcolares.adv.br\/index.php?rest_route=%2Fwp%2Fv2%2Ftags&post=2210"}],"curies":[{"name":"wp","href":"https:\/\/api.w.org\/{rel}","templated":true}]}}