{"id":2298,"date":"2024-04-05T16:15:20","date_gmt":"2024-04-05T19:15:20","guid":{"rendered":"https:\/\/marcelcolares.adv.br\/?p=2298"},"modified":"2024-08-01T16:27:21","modified_gmt":"2024-08-01T19:27:21","slug":"mediacao-conheca-a-sua-importancia-no-direito-da-familia","status":"publish","type":"post","link":"https:\/\/marcelcolares.adv.br\/?p=2298","title":{"rendered":"Media\u00e7\u00e3o: Conhe\u00e7a a sua Import\u00e2ncia No Direito da Fam\u00edlia!"},"content":{"rendered":"<p><img fetchpriority=\"high\" decoding=\"async\" class=\"alignnone size-medium wp-image-2299\" src=\"https:\/\/marcelcolares.adv.br\/wp-content\/uploads\/2024\/08\/6-4-300x300.jpg\" alt=\"\" width=\"300\" height=\"300\" srcset=\"https:\/\/marcelcolares.adv.br\/wp-content\/uploads\/2024\/08\/6-4-300x300.jpg 300w, https:\/\/marcelcolares.adv.br\/wp-content\/uploads\/2024\/08\/6-4-1024x1024.jpg 1024w, https:\/\/marcelcolares.adv.br\/wp-content\/uploads\/2024\/08\/6-4-150x150.jpg 150w, https:\/\/marcelcolares.adv.br\/wp-content\/uploads\/2024\/08\/6-4-768x768.jpg 768w, https:\/\/marcelcolares.adv.br\/wp-content\/uploads\/2024\/08\/6-4.jpg 1080w\" sizes=\"(max-width: 300px) 100vw, 300px\" \/><\/p>\n<p>Voc\u00ea j\u00e1 considerou como a separa\u00e7\u00e3o ou o div\u00f3rcio podem afetar n\u00e3o apenas os casais, mas tamb\u00e9m os filhos?<\/p>\n<p>Quando um casal decide se separar, \u00e9 comum surgirem muitos conflitos e feridas sejam abertas.<\/p>\n<p>Para aqueles que desejam passar por esse processo de forma menos dolorosa, a media\u00e7\u00e3o pode ser uma op\u00e7\u00e3o: uma maneira de resolver os conflitos de forma mais pac\u00edfica e harmoniosa.<\/p>\n<p>Vamos entender!<\/p>\n<p>Diferentemente do processo judicial, onde a decis\u00e3o \u00e9 tomada pelo juiz, na media\u00e7\u00e3o as pr\u00f3prias partes chegam a um acordo, levando em conta suas necessidades e interesses.<\/p>\n<p>O objetivo \u00e9 evitar novos conflitos e garantir que as crian\u00e7as sejam protegidas nesse processo.<\/p>\n<p>Na media\u00e7\u00e3o, n\u00e3o se busca encontrar um culpado pela separa\u00e7\u00e3o. O foco est\u00e1 em garantir que os pais continuem desempenhando seus pap\u00e9is, mesmo ap\u00f3s o div\u00f3rcio, mantendo uma rela\u00e7\u00e3o saud\u00e1vel com os filhos.<\/p>\n<p>Ela tamb\u00e9m facilita o restabelecimento da comunica\u00e7\u00e3o entre os ex-c\u00f4njuges, o que pode facilitar a ado\u00e7\u00e3o da guarda compartilhada. Esse modelo de guarda prioriza o v\u00ednculo afetivo da crian\u00e7a, garantindo que ambos os pais participem ativamente da vida dos filhos.<\/p>\n<p>Portanto, um processo de media\u00e7\u00e3o bem conduzido com toda certeza trar\u00e1 menos dor para fam\u00edlia, al\u00e9m de ser mais r\u00e1pido.<\/p>\n<p>D\u00favidas? Procure-nos, possu\u00edmos uma equipe especializada em direito de fam\u00edlia!<\/p>\n<p><a class=\"x1i10hfl xjbqb8w x1ejq31n xd10rxx x1sy0etr x17r0tee x972fbf xcfux6l x1qhh985 xm0m39n x9f619 x1ypdohk xt0psk2 xe8uvvx xdj266r x11i5rnm xat24cr x1mh8g0r xexx8yu x4uap5 x18d9i69 xkhd6sd x16tdsg8 x1hl2dhg xggy1nq x1a2a7pz  _aa9_ _a6hd\" tabindex=\"0\" role=\"link\" href=\"https:\/\/www.instagram.com\/explore\/tags\/direitodefam%C3%ADlia\/\">#direitodefam\u00edlia<\/a>\u00a0<a class=\"x1i10hfl xjbqb8w x1ejq31n xd10rxx x1sy0etr x17r0tee x972fbf xcfux6l x1qhh985 xm0m39n x9f619 x1ypdohk xt0psk2 xe8uvvx xdj266r x11i5rnm xat24cr x1mh8g0r xexx8yu x4uap5 x18d9i69 xkhd6sd x16tdsg8 x1hl2dhg xggy1nq x1a2a7pz  _aa9_ _a6hd\" tabindex=\"0\" role=\"link\" href=\"https:\/\/www.instagram.com\/explore\/tags\/media%C3%A7%C3%A3o\/\">#media\u00e7\u00e3o<\/a>\u00a0<a class=\"x1i10hfl xjbqb8w x1ejq31n xd10rxx x1sy0etr x17r0tee x972fbf xcfux6l x1qhh985 xm0m39n x9f619 x1ypdohk xt0psk2 xe8uvvx xdj266r x11i5rnm xat24cr x1mh8g0r xexx8yu x4uap5 x18d9i69 xkhd6sd x16tdsg8 x1hl2dhg xggy1nq x1a2a7pz  _aa9_ _a6hd\" tabindex=\"0\" role=\"link\" href=\"https:\/\/www.instagram.com\/explore\/tags\/div%C3%B3rcio\/\">#div\u00f3rcio<\/a>\u00a0<a class=\"x1i10hfl xjbqb8w x1ejq31n xd10rxx x1sy0etr x17r0tee x972fbf xcfux6l x1qhh985 xm0m39n x9f619 x1ypdohk xt0psk2 xe8uvvx xdj266r x11i5rnm xat24cr x1mh8g0r xexx8yu x4uap5 x18d9i69 xkhd6sd x16tdsg8 x1hl2dhg xggy1nq x1a2a7pz  _aa9_ _a6hd\" tabindex=\"0\" role=\"link\" href=\"https:\/\/www.instagram.com\/explore\/tags\/filhos\/\">#filhos<\/a>\u00a0<a class=\"x1i10hfl xjbqb8w x1ejq31n xd10rxx x1sy0etr x17r0tee x972fbf xcfux6l x1qhh985 xm0m39n x9f619 x1ypdohk xt0psk2 xe8uvvx xdj266r x11i5rnm xat24cr x1mh8g0r xexx8yu x4uap5 x18d9i69 xkhd6sd x16tdsg8 x1hl2dhg xggy1nq x1a2a7pz  _aa9_ _a6hd\" tabindex=\"0\" role=\"link\" href=\"https:\/\/www.instagram.com\/explore\/tags\/guardacompartilhada\/\">#guardacompartilhada<\/a>\u00a0<a class=\"x1i10hfl xjbqb8w x1ejq31n xd10rxx x1sy0etr x17r0tee x972fbf xcfux6l x1qhh985 xm0m39n x9f619 x1ypdohk xt0psk2 xe8uvvx xdj266r x11i5rnm xat24cr x1mh8g0r xexx8yu x4uap5 x18d9i69 xkhd6sd x16tdsg8 x1hl2dhg xggy1nq x1a2a7pz  _aa9_ _a6hd\" tabindex=\"0\" role=\"link\" href=\"https:\/\/www.instagram.com\/explore\/tags\/rela%C3%A7%C3%A3osaud%C3%A1vel\/\">#rela\u00e7\u00e3osaud\u00e1vel<\/a>\u00a0<a class=\"x1i10hfl xjbqb8w x1ejq31n xd10rxx x1sy0etr x17r0tee x972fbf xcfux6l x1qhh985 xm0m39n x9f619 x1ypdohk xt0psk2 xe8uvvx xdj266r x11i5rnm xat24cr x1mh8g0r xexx8yu x4uap5 x18d9i69 xkhd6sd x16tdsg8 x1hl2dhg xggy1nq x1a2a7pz  _aa9_ _a6hd\" tabindex=\"0\" role=\"link\" href=\"https:\/\/www.instagram.com\/explore\/tags\/advocaciaespecializada\/\">#advocaciaespecializada<\/a><\/p>\n","protected":false},"excerpt":{"rendered":"<p>Voc\u00ea j\u00e1 considerou como a separa\u00e7\u00e3o ou o div\u00f3rcio podem afetar n\u00e3o apenas os casais, mas tamb\u00e9m os filhos? Quando um casal decide se separar, \u00e9 comum surgirem muitos conflitos e feridas sejam abertas. Para aqueles que desejam passar por esse processo de forma menos dolorosa, a media\u00e7\u00e3o pode ser uma op\u00e7\u00e3o: uma maneira de resolver os conflitos de forma mais pac\u00edfica e harmoniosa. Vamos entender! Diferentemente do processo judicial, onde a decis\u00e3o \u00e9 tomada pelo juiz, na media\u00e7\u00e3o as pr\u00f3prias partes chegam a um acordo, levando em conta suas necessidades e interesses. O objetivo \u00e9 evitar novos conflitos e garantir que as crian\u00e7as sejam protegidas nesse processo. Na media\u00e7\u00e3o, n\u00e3o se busca encontrar um culpado pela separa\u00e7\u00e3o. O foco est\u00e1 em garantir que os pais continuem desempenhando seus pap\u00e9is, mesmo ap\u00f3s o div\u00f3rcio, mantendo uma rela\u00e7\u00e3o saud\u00e1vel com os filhos. Ela tamb\u00e9m facilita o restabelecimento da comunica\u00e7\u00e3o entre os ex-c\u00f4njuges, o que pode facilitar a ado\u00e7\u00e3o da guarda compartilhada. Esse modelo de guarda prioriza o v\u00ednculo afetivo da crian\u00e7a, garantindo que ambos os pais participem ativamente da vida dos filhos. Portanto, um processo de media\u00e7\u00e3o bem conduzido com toda certeza trar\u00e1 menos dor para fam\u00edlia, al\u00e9m de ser mais r\u00e1pido. D\u00favidas? Procure-nos, possu\u00edmos uma equipe especializada em direito de fam\u00edlia! #direitodefam\u00edlia\u00a0#media\u00e7\u00e3o\u00a0#div\u00f3rcio\u00a0#filhos\u00a0#guardacompartilhada\u00a0#rela\u00e7\u00e3osaud\u00e1vel\u00a0#advocaciaespecializada<\/p>\n","protected":false},"author":1,"featured_media":0,"comment_status":"closed","ping_status":"open","sticky":false,"template":"","format":"standard","meta":{"site-sidebar-layout":"default","site-content-layout":"","ast-site-content-layout":"default","site-content-style":"default","site-sidebar-style":"default","ast-global-header-display":"","ast-banner-title-visibility":"","ast-main-header-display":"","ast-hfb-above-header-display":"","ast-hfb-below-header-display":"","ast-hfb-mobile-header-display":"","site-post-title":"","ast-breadcrumbs-content":"","ast-featured-img":"","footer-sml-layout":"","ast-disable-related-posts":"","theme-transparent-header-meta":"default","adv-header-id-meta":"","stick-header-meta":"","header-above-stick-meta":"","header-main-stick-meta":"","header-below-stick-meta":"","astra-migrate-meta-layouts":"set","ast-page-background-enabled":"default","ast-page-background-meta":{"desktop":{"background-color":"var(--ast-global-color-4)","background-image":"","background-repeat":"repeat","background-position":"center center","background-size":"auto","background-attachment":"scroll","background-type":"","background-media":"","overlay-type":"","overlay-color":"","overlay-opacity":"","overlay-gradient":""},"tablet":{"background-color":"","background-image":"","background-repeat":"repeat","background-position":"center center","background-size":"auto","background-attachment":"scroll","background-type":"","background-media":"","overlay-type":"","overlay-color":"","overlay-opacity":"","overlay-gradient":""},"mobile":{"background-color":"","background-image":"","background-repeat":"repeat","background-position":"center center","background-size":"auto","background-attachment":"scroll","background-type":"","background-media":"","overlay-type":"","overlay-color":"","overlay-opacity":"","overlay-gradient":""}},"ast-content-background-meta":{"desktop":{"background-color":"var(--ast-global-color-5)","background-image":"","background-repeat":"repeat","background-position":"center center","background-size":"auto","background-attachment":"scroll","background-type":"","background-media":"","overlay-type":"","overlay-color":"","overlay-opacity":"","overlay-gradient":""},"tablet":{"background-color":"var(--ast-global-color-5)","background-image":"","background-repeat":"repeat","background-position":"center center","background-size":"auto","background-attachment":"scroll","background-type":"","background-media":"","overlay-type":"","overlay-color":"","overlay-opacity":"","overlay-gradient":""},"mobile":{"background-color":"var(--ast-global-color-5)","background-image":"","background-repeat":"repeat","background-position":"center center","background-size":"auto","background-attachment":"scroll","background-type":"","background-media":"","overlay-type":"","overlay-color":"","overlay-opacity":"","overlay-gradient":""}},"footnotes":""},"categories":[1],"tags":[],"class_list":["post-2298","post","type-post","status-publish","format-standard","hentry","category-sem-categoria"],"_links":{"self":[{"href":"https:\/\/marcelcolares.adv.br\/index.php?rest_route=\/wp\/v2\/posts\/2298","targetHints":{"allow":["GET"]}}],"collection":[{"href":"https:\/\/marcelcolares.adv.br\/index.php?rest_route=\/wp\/v2\/posts"}],"about":[{"href":"https:\/\/marcelcolares.adv.br\/index.php?rest_route=\/wp\/v2\/types\/post"}],"author":[{"embeddable":true,"href":"https:\/\/marcelcolares.adv.br\/index.php?rest_route=\/wp\/v2\/users\/1"}],"replies":[{"embeddable":true,"href":"https:\/\/marcelcolares.adv.br\/index.php?rest_route=%2Fwp%2Fv2%2Fcomments&post=2298"}],"version-history":[{"count":1,"href":"https:\/\/marcelcolares.adv.br\/index.php?rest_route=\/wp\/v2\/posts\/2298\/revisions"}],"predecessor-version":[{"id":2300,"href":"https:\/\/marcelcolares.adv.br\/index.php?rest_route=\/wp\/v2\/posts\/2298\/revisions\/2300"}],"wp:attachment":[{"href":"https:\/\/marcelcolares.adv.br\/index.php?rest_route=%2Fwp%2Fv2%2Fmedia&parent=2298"}],"wp:term":[{"taxonomy":"category","embeddable":true,"href":"https:\/\/marcelcolares.adv.br\/index.php?rest_route=%2Fwp%2Fv2%2Fcategories&post=2298"},{"taxonomy":"post_tag","embeddable":true,"href":"https:\/\/marcelcolares.adv.br\/index.php?rest_route=%2Fwp%2Fv2%2Ftags&post=2298"}],"curies":[{"name":"wp","href":"https:\/\/api.w.org\/{rel}","templated":true}]}}