{"id":2367,"date":"2024-04-23T18:47:30","date_gmt":"2024-04-23T21:47:30","guid":{"rendered":"https:\/\/marcelcolares.adv.br\/?p=2367"},"modified":"2024-08-01T18:41:29","modified_gmt":"2024-08-01T21:41:29","slug":"indenizacao-dpvat-qual-o-prazo-para-solicitar","status":"publish","type":"post","link":"https:\/\/marcelcolares.adv.br\/?p=2367","title":{"rendered":"INDENIZA\u00c7\u00c3O DPVAT: QUAL O PRAZO PARA SOLICITAR?"},"content":{"rendered":"<p><img fetchpriority=\"high\" decoding=\"async\" class=\"alignnone size-medium wp-image-2368\" src=\"https:\/\/marcelcolares.adv.br\/wp-content\/uploads\/2024\/08\/6-6-300x300.jpg\" alt=\"\" width=\"300\" height=\"300\" srcset=\"https:\/\/marcelcolares.adv.br\/wp-content\/uploads\/2024\/08\/6-6-300x300.jpg 300w, https:\/\/marcelcolares.adv.br\/wp-content\/uploads\/2024\/08\/6-6-1024x1024.jpg 1024w, https:\/\/marcelcolares.adv.br\/wp-content\/uploads\/2024\/08\/6-6-150x150.jpg 150w, https:\/\/marcelcolares.adv.br\/wp-content\/uploads\/2024\/08\/6-6-768x768.jpg 768w, https:\/\/marcelcolares.adv.br\/wp-content\/uploads\/2024\/08\/6-6.jpg 1080w\" sizes=\"(max-width: 300px) 100vw, 300px\" \/><\/p>\n<p>Antes de falarmos em prazos e procedimentos, vale a pena esclarecer o que \u00e9 o seguro DPVAT.<\/p>\n<p>\u00c9 uma indeniza\u00e7\u00e3o para pessoas acidentadas no territ\u00f3rio nacional, que tenha sofrido danos pessoais por ve\u00edculos automotores terrestres, ou por suas cargas.<\/p>\n<p>S\u00e3o tr\u00eas tipos de danos sofridos que justificam o seu pagamento:<\/p>\n<p>1- Despesas com assist\u00eancia m\u00e9dica ou suplementares;<\/p>\n<p>2- Incapacidade permanente;<\/p>\n<p>3- Morte.<\/p>\n<p>Para cada um desses casos, h\u00e1 um prazo de 3 anos para solicitar a indeniza\u00e7\u00e3o, cuja contagem se inicia em momentos distintos.<\/p>\n<p>A indeniza\u00e7\u00e3o referente \u00e0s despesas com assist\u00eancia m\u00e9dica ou similares (fisioterapia, medicamentos, pr\u00f3teses, etc), conta-se da data do acidente.<\/p>\n<p>Sobre a incapacidade permanente, o prazo se inicia com a ci\u00eancia inequ\u00edvoca da incapacidade permanente (diagnosticada por profissionais da sa\u00fade).<\/p>\n<p>Por fim, o prazo para solicitar a indeniza\u00e7\u00e3o por morte se inicia na data do \u00f3bito da v\u00edtima.<\/p>\n<p>Atualmente, a solicita\u00e7\u00e3o \u00e9 feita junto \u00e0 Caixa Econ\u00f4mica Federal, acompanhada de todas as documenta\u00e7\u00f5es relacionadas aos danos sofridos e despesas.<\/p>\n<p>Ficou com alguma d\u00favida? Contate-nos para que possamos te orientar!<\/p>\n<p><a class=\"x1i10hfl xjbqb8w x1ejq31n xd10rxx x1sy0etr x17r0tee x972fbf xcfux6l x1qhh985 xm0m39n x9f619 x1ypdohk xt0psk2 xe8uvvx xdj266r x11i5rnm xat24cr x1mh8g0r xexx8yu x4uap5 x18d9i69 xkhd6sd x16tdsg8 x1hl2dhg xggy1nq x1a2a7pz _aa9_ _a6hd\" tabindex=\"0\" role=\"link\" href=\"https:\/\/www.instagram.com\/explore\/tags\/direitosocial\/\">#direitosocial<\/a>\u00a0<a class=\"x1i10hfl xjbqb8w x1ejq31n xd10rxx x1sy0etr x17r0tee x972fbf xcfux6l x1qhh985 xm0m39n x9f619 x1ypdohk xt0psk2 xe8uvvx xdj266r x11i5rnm xat24cr x1mh8g0r xexx8yu x4uap5 x18d9i69 xkhd6sd x16tdsg8 x1hl2dhg xggy1nq x1a2a7pz _aa9_ _a6hd\" tabindex=\"0\" role=\"link\" href=\"https:\/\/www.instagram.com\/explore\/tags\/acidente\/\">#acidente<\/a>\u00a0<a class=\"x1i10hfl xjbqb8w x1ejq31n xd10rxx x1sy0etr x17r0tee x972fbf xcfux6l x1qhh985 xm0m39n x9f619 x1ypdohk xt0psk2 xe8uvvx xdj266r x11i5rnm xat24cr x1mh8g0r xexx8yu x4uap5 x18d9i69 xkhd6sd x16tdsg8 x1hl2dhg xggy1nq x1a2a7pz _aa9_ _a6hd\" tabindex=\"0\" role=\"link\" href=\"https:\/\/www.instagram.com\/explore\/tags\/dpvat\/\">#DPVAT<\/a>\u00a0<a class=\"x1i10hfl xjbqb8w x1ejq31n xd10rxx x1sy0etr x17r0tee x972fbf xcfux6l x1qhh985 xm0m39n x9f619 x1ypdohk xt0psk2 xe8uvvx xdj266r x11i5rnm xat24cr x1mh8g0r xexx8yu x4uap5 x18d9i69 xkhd6sd x16tdsg8 x1hl2dhg xggy1nq x1a2a7pz _aa9_ _a6hd\" tabindex=\"0\" role=\"link\" href=\"https:\/\/www.instagram.com\/explore\/tags\/cef\/\">#CEF<\/a>\u00a0<a class=\"x1i10hfl xjbqb8w x1ejq31n xd10rxx x1sy0etr x17r0tee x972fbf xcfux6l x1qhh985 xm0m39n x9f619 x1ypdohk xt0psk2 xe8uvvx xdj266r x11i5rnm xat24cr x1mh8g0r xexx8yu x4uap5 x18d9i69 xkhd6sd x16tdsg8 x1hl2dhg xggy1nq x1a2a7pz _aa9_ _a6hd\" tabindex=\"0\" role=\"link\" href=\"https:\/\/www.instagram.com\/explore\/tags\/fdpvat\/\">#FDPVAT<\/a>\u00a0<a class=\"x1i10hfl xjbqb8w x1ejq31n xd10rxx x1sy0etr x17r0tee x972fbf xcfux6l x1qhh985 xm0m39n x9f619 x1ypdohk xt0psk2 xe8uvvx xdj266r x11i5rnm xat24cr x1mh8g0r xexx8yu x4uap5 x18d9i69 xkhd6sd x16tdsg8 x1hl2dhg xggy1nq x1a2a7pz _aa9_ _a6hd\" tabindex=\"0\" role=\"link\" href=\"https:\/\/www.instagram.com\/explore\/tags\/tr%C3%A2nsito\/\">#tr\u00e2nsito<\/a>\u00a0<a class=\"x1i10hfl xjbqb8w x1ejq31n xd10rxx x1sy0etr x17r0tee x972fbf xcfux6l x1qhh985 xm0m39n x9f619 x1ypdohk xt0psk2 xe8uvvx xdj266r x11i5rnm xat24cr x1mh8g0r xexx8yu x4uap5 x18d9i69 xkhd6sd x16tdsg8 x1hl2dhg xggy1nq x1a2a7pz _aa9_ _a6hd\" tabindex=\"0\" role=\"link\" href=\"https:\/\/www.instagram.com\/explore\/tags\/acidentesdetr%C3%A2nsito\/\">#acidentesdetr\u00e2nsito<\/a>\u00a0<a class=\"x1i10hfl xjbqb8w x1ejq31n xd10rxx x1sy0etr x17r0tee x972fbf xcfux6l x1qhh985 xm0m39n x9f619 x1ypdohk xt0psk2 xe8uvvx xdj266r x11i5rnm xat24cr x1mh8g0r xexx8yu x4uap5 x18d9i69 xkhd6sd x16tdsg8 x1hl2dhg xggy1nq x1a2a7pz _aa9_ _a6hd\" tabindex=\"0\" role=\"link\" href=\"https:\/\/www.instagram.com\/explore\/tags\/beneficioprevidenciario\/\">#beneficioprevidenciario<\/a>\u00a0<a class=\"x1i10hfl xjbqb8w x1ejq31n xd10rxx x1sy0etr x17r0tee x972fbf xcfux6l x1qhh985 xm0m39n x9f619 x1ypdohk xt0psk2 xe8uvvx xdj266r x11i5rnm xat24cr x1mh8g0r xexx8yu x4uap5 x18d9i69 xkhd6sd x16tdsg8 x1hl2dhg xggy1nq x1a2a7pz _aa9_ _a6hd\" tabindex=\"0\" role=\"link\" href=\"https:\/\/www.instagram.com\/explore\/tags\/assistenciasocial\/\">#assistenciasocial<\/a>\u00a0<a class=\"x1i10hfl xjbqb8w x1ejq31n xd10rxx x1sy0etr x17r0tee x972fbf xcfux6l x1qhh985 xm0m39n x9f619 x1ypdohk xt0psk2 xe8uvvx xdj266r x11i5rnm xat24cr x1mh8g0r xexx8yu x4uap5 x18d9i69 xkhd6sd x16tdsg8 x1hl2dhg xggy1nq x1a2a7pz _aa9_ _a6hd\" tabindex=\"0\" role=\"link\" href=\"https:\/\/www.instagram.com\/explore\/tags\/segurodpvat\/\">#segurodpvat<\/a>\u00a0<a class=\"x1i10hfl xjbqb8w x1ejq31n xd10rxx x1sy0etr x17r0tee x972fbf xcfux6l x1qhh985 xm0m39n x9f619 x1ypdohk xt0psk2 xe8uvvx xdj266r x11i5rnm xat24cr x1mh8g0r xexx8yu x4uap5 x18d9i69 xkhd6sd x16tdsg8 x1hl2dhg xggy1nq x1a2a7pz _aa9_ _a6hd\" tabindex=\"0\" role=\"link\" href=\"https:\/\/www.instagram.com\/explore\/tags\/seguros\/\">#seguros<\/a>\u00a0<a class=\"x1i10hfl xjbqb8w x1ejq31n xd10rxx x1sy0etr x17r0tee x972fbf xcfux6l x1qhh985 xm0m39n x9f619 x1ypdohk xt0psk2 xe8uvvx xdj266r x11i5rnm xat24cr x1mh8g0r xexx8yu x4uap5 x18d9i69 xkhd6sd x16tdsg8 x1hl2dhg xggy1nq x1a2a7pz _aa9_ _a6hd\" tabindex=\"0\" role=\"link\" href=\"https:\/\/www.instagram.com\/explore\/tags\/veiculos\/\">#veiculos<\/a><\/p>\n","protected":false},"excerpt":{"rendered":"<p>Antes de falarmos em prazos e procedimentos, vale a pena esclarecer o que \u00e9 o seguro DPVAT. \u00c9 uma indeniza\u00e7\u00e3o para pessoas acidentadas no territ\u00f3rio nacional, que tenha sofrido danos pessoais por ve\u00edculos automotores terrestres, ou por suas cargas. S\u00e3o tr\u00eas tipos de danos sofridos que justificam o seu pagamento: 1- Despesas com assist\u00eancia m\u00e9dica ou suplementares; 2- Incapacidade permanente; 3- Morte. Para cada um desses casos, h\u00e1 um prazo de 3 anos para solicitar a indeniza\u00e7\u00e3o, cuja contagem se inicia em momentos distintos. A indeniza\u00e7\u00e3o referente \u00e0s despesas com assist\u00eancia m\u00e9dica ou similares (fisioterapia, medicamentos, pr\u00f3teses, etc), conta-se da data do acidente. Sobre a incapacidade permanente, o prazo se inicia com a ci\u00eancia inequ\u00edvoca da incapacidade permanente (diagnosticada por profissionais da sa\u00fade). Por fim, o prazo para solicitar a indeniza\u00e7\u00e3o por morte se inicia na data do \u00f3bito da v\u00edtima. Atualmente, a solicita\u00e7\u00e3o \u00e9 feita junto \u00e0 Caixa Econ\u00f4mica Federal, acompanhada de todas as documenta\u00e7\u00f5es relacionadas aos danos sofridos e despesas. Ficou com alguma d\u00favida? Contate-nos para que possamos te orientar! #direitosocial\u00a0#acidente\u00a0#DPVAT\u00a0#CEF\u00a0#FDPVAT\u00a0#tr\u00e2nsito\u00a0#acidentesdetr\u00e2nsito\u00a0#beneficioprevidenciario\u00a0#assistenciasocial\u00a0#segurodpvat\u00a0#seguros\u00a0#veiculos<\/p>\n","protected":false},"author":1,"featured_media":0,"comment_status":"closed","ping_status":"open","sticky":false,"template":"","format":"standard","meta":{"site-sidebar-layout":"default","site-content-layout":"","ast-site-content-layout":"default","site-content-style":"default","site-sidebar-style":"default","ast-global-header-display":"","ast-banner-title-visibility":"","ast-main-header-display":"","ast-hfb-above-header-display":"","ast-hfb-below-header-display":"","ast-hfb-mobile-header-display":"","site-post-title":"","ast-breadcrumbs-content":"","ast-featured-img":"","footer-sml-layout":"","ast-disable-related-posts":"","theme-transparent-header-meta":"default","adv-header-id-meta":"","stick-header-meta":"","header-above-stick-meta":"","header-main-stick-meta":"","header-below-stick-meta":"","astra-migrate-meta-layouts":"set","ast-page-background-enabled":"default","ast-page-background-meta":{"desktop":{"background-color":"var(--ast-global-color-4)","background-image":"","background-repeat":"repeat","background-position":"center center","background-size":"auto","background-attachment":"scroll","background-type":"","background-media":"","overlay-type":"","overlay-color":"","overlay-opacity":"","overlay-gradient":""},"tablet":{"background-color":"","background-image":"","background-repeat":"repeat","background-position":"center center","background-size":"auto","background-attachment":"scroll","background-type":"","background-media":"","overlay-type":"","overlay-color":"","overlay-opacity":"","overlay-gradient":""},"mobile":{"background-color":"","background-image":"","background-repeat":"repeat","background-position":"center center","background-size":"auto","background-attachment":"scroll","background-type":"","background-media":"","overlay-type":"","overlay-color":"","overlay-opacity":"","overlay-gradient":""}},"ast-content-background-meta":{"desktop":{"background-color":"var(--ast-global-color-5)","background-image":"","background-repeat":"repeat","background-position":"center center","background-size":"auto","background-attachment":"scroll","background-type":"","background-media":"","overlay-type":"","overlay-color":"","overlay-opacity":"","overlay-gradient":""},"tablet":{"background-color":"var(--ast-global-color-5)","background-image":"","background-repeat":"repeat","background-position":"center center","background-size":"auto","background-attachment":"scroll","background-type":"","background-media":"","overlay-type":"","overlay-color":"","overlay-opacity":"","overlay-gradient":""},"mobile":{"background-color":"var(--ast-global-color-5)","background-image":"","background-repeat":"repeat","background-position":"center center","background-size":"auto","background-attachment":"scroll","background-type":"","background-media":"","overlay-type":"","overlay-color":"","overlay-opacity":"","overlay-gradient":""}},"footnotes":""},"categories":[1],"tags":[],"class_list":["post-2367","post","type-post","status-publish","format-standard","hentry","category-sem-categoria"],"_links":{"self":[{"href":"https:\/\/marcelcolares.adv.br\/index.php?rest_route=\/wp\/v2\/posts\/2367","targetHints":{"allow":["GET"]}}],"collection":[{"href":"https:\/\/marcelcolares.adv.br\/index.php?rest_route=\/wp\/v2\/posts"}],"about":[{"href":"https:\/\/marcelcolares.adv.br\/index.php?rest_route=\/wp\/v2\/types\/post"}],"author":[{"embeddable":true,"href":"https:\/\/marcelcolares.adv.br\/index.php?rest_route=\/wp\/v2\/users\/1"}],"replies":[{"embeddable":true,"href":"https:\/\/marcelcolares.adv.br\/index.php?rest_route=%2Fwp%2Fv2%2Fcomments&post=2367"}],"version-history":[{"count":2,"href":"https:\/\/marcelcolares.adv.br\/index.php?rest_route=\/wp\/v2\/posts\/2367\/revisions"}],"predecessor-version":[{"id":2370,"href":"https:\/\/marcelcolares.adv.br\/index.php?rest_route=\/wp\/v2\/posts\/2367\/revisions\/2370"}],"wp:attachment":[{"href":"https:\/\/marcelcolares.adv.br\/index.php?rest_route=%2Fwp%2Fv2%2Fmedia&parent=2367"}],"wp:term":[{"taxonomy":"category","embeddable":true,"href":"https:\/\/marcelcolares.adv.br\/index.php?rest_route=%2Fwp%2Fv2%2Fcategories&post=2367"},{"taxonomy":"post_tag","embeddable":true,"href":"https:\/\/marcelcolares.adv.br\/index.php?rest_route=%2Fwp%2Fv2%2Ftags&post=2367"}],"curies":[{"name":"wp","href":"https:\/\/api.w.org\/{rel}","templated":true}]}}