{"id":2419,"date":"2024-05-08T14:58:03","date_gmt":"2024-05-08T17:58:03","guid":{"rendered":"https:\/\/marcelcolares.adv.br\/?p=2419"},"modified":"2024-09-19T14:59:50","modified_gmt":"2024-09-19T17:59:50","slug":"juiz-determina-suspensao-de-atividades-da-oacb","status":"publish","type":"post","link":"https:\/\/marcelcolares.adv.br\/?p=2419","title":{"rendered":"JUIZ DETERMINA SUSPENS\u00c3O DE ATIVIDADES DA OACB!"},"content":{"rendered":"<p><img fetchpriority=\"high\" decoding=\"async\" class=\"alignnone size-medium wp-image-2420\" src=\"https:\/\/marcelcolares.adv.br\/wp-content\/uploads\/2024\/09\/7-300x300.jpg\" alt=\"\" width=\"300\" height=\"300\" srcset=\"https:\/\/marcelcolares.adv.br\/wp-content\/uploads\/2024\/09\/7-300x300.jpg 300w, https:\/\/marcelcolares.adv.br\/wp-content\/uploads\/2024\/09\/7-1024x1024.jpg 1024w, https:\/\/marcelcolares.adv.br\/wp-content\/uploads\/2024\/09\/7-150x150.jpg 150w, https:\/\/marcelcolares.adv.br\/wp-content\/uploads\/2024\/09\/7-768x768.jpg 768w, https:\/\/marcelcolares.adv.br\/wp-content\/uploads\/2024\/09\/7.jpg 1080w\" sizes=\"(max-width: 300px) 100vw, 300px\" \/><\/p>\n<p>Um Juiz da 17\u00aa Vara Federal do Distrito Federal, determinou que a Ordem dos Advogados Conservadores do Brasil (OACB) suspenda imediatamente qualquer atividade de presta\u00e7\u00e3o de servi\u00e7os jur\u00eddicos e a veicula\u00e7\u00e3o de publicidade para capta\u00e7\u00e3o de clientes!<\/p>\n<p>Entenda o que aconteceu:<\/p>\n<p>A decis\u00e3o foi motivada por uma a\u00e7\u00e3o civil p\u00fablica movida pelo Conselho Federal da OAB (Ordem dos Advogados do Brasil), que alegou que a OACB utiliza sigla e s\u00edmbolos similares aos da Ordem dos Advogados do Brasil, induzindo a sociedade ao erro.<\/p>\n<p>Al\u00e9m da suspens\u00e3o das atividades, o juiz proibiu a associa\u00e7\u00e3o de utilizar o nome \u201cOrdem dos Advogados Conservadores do Brasil \u2013 OACB\u201d, sob pena de multa di\u00e1ria de R$ 20 mil.<\/p>\n<p>Al\u00e9m disso, o magistrado destacou a similaridade entre a identidade visual da OAB, estabelecida h\u00e1 anos!<\/p>\n<p>Isso poderia gerar confus\u00e3o nas pessoas de menor conhecimento jur\u00eddico e institucional.<\/p>\n<p>O juiz tamb\u00e9m mencionou postagens da OACB na internet que incentivavam o envio de conte\u00fado ofensivo ao ex-presidente Jair Bolsonaro e membros de seu governo.<\/p>\n<p>Ou seja, isso estava indicando que a associa\u00e7\u00e3o estaria atuando na presta\u00e7\u00e3o de servi\u00e7os jur\u00eddicos e na capta\u00e7\u00e3o de clientela.<\/p>\n<p>Gostou do conte\u00fado? Siga nosso perfil e fique por dentro de mais decis\u00f5es!<\/p>\n<p>E se surgirem maiores d\u00favidas, contate-nos para adequadamente te orientar.<\/p>\n<p><a class=\"x1i10hfl xjbqb8w x1ejq31n xd10rxx x1sy0etr x17r0tee x972fbf xcfux6l x1qhh985 xm0m39n x9f619 x1ypdohk xt0psk2 xe8uvvx xdj266r x11i5rnm xat24cr x1mh8g0r xexx8yu x4uap5 x18d9i69 xkhd6sd x16tdsg8 x1hl2dhg xggy1nq x1a2a7pz  _aa9_ _a6hd\" tabindex=\"0\" role=\"link\" href=\"https:\/\/www.instagram.com\/explore\/tags\/direitocivil\/\">#direitocivil<\/a>\u00a0<a class=\"x1i10hfl xjbqb8w x1ejq31n xd10rxx x1sy0etr x17r0tee x972fbf xcfux6l x1qhh985 xm0m39n x9f619 x1ypdohk xt0psk2 xe8uvvx xdj266r x11i5rnm xat24cr x1mh8g0r xexx8yu x4uap5 x18d9i69 xkhd6sd x16tdsg8 x1hl2dhg xggy1nq x1a2a7pz  _aa9_ _a6hd\" tabindex=\"0\" role=\"link\" href=\"https:\/\/www.instagram.com\/explore\/tags\/oacb\/\">#OACB<\/a>\u00a0<a class=\"x1i10hfl xjbqb8w x1ejq31n xd10rxx x1sy0etr x17r0tee x972fbf xcfux6l x1qhh985 xm0m39n x9f619 x1ypdohk xt0psk2 xe8uvvx xdj266r x11i5rnm xat24cr x1mh8g0r xexx8yu x4uap5 x18d9i69 xkhd6sd x16tdsg8 x1hl2dhg xggy1nq x1a2a7pz  _aa9_ _a6hd\" tabindex=\"0\" role=\"link\" href=\"https:\/\/www.instagram.com\/explore\/tags\/clientela\/\">#clientela<\/a>\u00a0<a class=\"x1i10hfl xjbqb8w x1ejq31n xd10rxx x1sy0etr x17r0tee x972fbf xcfux6l x1qhh985 xm0m39n x9f619 x1ypdohk xt0psk2 xe8uvvx xdj266r x11i5rnm xat24cr x1mh8g0r xexx8yu x4uap5 x18d9i69 xkhd6sd x16tdsg8 x1hl2dhg xggy1nq x1a2a7pz  _aa9_ _a6hd\" tabindex=\"0\" role=\"link\" href=\"https:\/\/www.instagram.com\/explore\/tags\/oab\/\">#OAB<\/a>\u00a0<a class=\"x1i10hfl xjbqb8w x1ejq31n xd10rxx x1sy0etr x17r0tee x972fbf xcfux6l x1qhh985 xm0m39n x9f619 x1ypdohk xt0psk2 xe8uvvx xdj266r x11i5rnm xat24cr x1mh8g0r xexx8yu x4uap5 x18d9i69 xkhd6sd x16tdsg8 x1hl2dhg xggy1nq x1a2a7pz  _aa9_ _a6hd\" tabindex=\"0\" role=\"link\" href=\"https:\/\/www.instagram.com\/explore\/tags\/civil\/\">#civil<\/a>\u00a0<a class=\"x1i10hfl xjbqb8w x1ejq31n xd10rxx x1sy0etr x17r0tee x972fbf xcfux6l x1qhh985 xm0m39n x9f619 x1ypdohk xt0psk2 xe8uvvx xdj266r x11i5rnm xat24cr x1mh8g0r xexx8yu x4uap5 x18d9i69 xkhd6sd x16tdsg8 x1hl2dhg xggy1nq x1a2a7pz  _aa9_ _a6hd\" tabindex=\"0\" role=\"link\" href=\"https:\/\/www.instagram.com\/explore\/tags\/decisao\/\">#decisao<\/a>\u00a0<a class=\"x1i10hfl xjbqb8w x1ejq31n xd10rxx x1sy0etr x17r0tee x972fbf xcfux6l x1qhh985 xm0m39n x9f619 x1ypdohk xt0psk2 xe8uvvx xdj266r x11i5rnm xat24cr x1mh8g0r xexx8yu x4uap5 x18d9i69 xkhd6sd x16tdsg8 x1hl2dhg xggy1nq x1a2a7pz  _aa9_ _a6hd\" tabindex=\"0\" role=\"link\" href=\"https:\/\/www.instagram.com\/explore\/tags\/suspens%C3%A3odeatividades\/\">#suspens\u00e3odeatividades<\/a><\/p>\n","protected":false},"excerpt":{"rendered":"<p>Um Juiz da 17\u00aa Vara Federal do Distrito Federal, determinou que a Ordem dos Advogados Conservadores do Brasil (OACB) suspenda imediatamente qualquer atividade de presta\u00e7\u00e3o de servi\u00e7os jur\u00eddicos e a veicula\u00e7\u00e3o de publicidade para capta\u00e7\u00e3o de clientes! Entenda o que aconteceu: A decis\u00e3o foi motivada por uma a\u00e7\u00e3o civil p\u00fablica movida pelo Conselho Federal da OAB (Ordem dos Advogados do Brasil), que alegou que a OACB utiliza sigla e s\u00edmbolos similares aos da Ordem dos Advogados do Brasil, induzindo a sociedade ao erro. Al\u00e9m da suspens\u00e3o das atividades, o juiz proibiu a associa\u00e7\u00e3o de utilizar o nome \u201cOrdem dos Advogados Conservadores do Brasil \u2013 OACB\u201d, sob pena de multa di\u00e1ria de R$ 20 mil. Al\u00e9m disso, o magistrado destacou a similaridade entre a identidade visual da OAB, estabelecida h\u00e1 anos! Isso poderia gerar confus\u00e3o nas pessoas de menor conhecimento jur\u00eddico e institucional. O juiz tamb\u00e9m mencionou postagens da OACB na internet que incentivavam o envio de conte\u00fado ofensivo ao ex-presidente Jair Bolsonaro e membros de seu governo. Ou seja, isso estava indicando que a associa\u00e7\u00e3o estaria atuando na presta\u00e7\u00e3o de servi\u00e7os jur\u00eddicos e na capta\u00e7\u00e3o de clientela. Gostou do conte\u00fado? Siga nosso perfil e fique por dentro de mais decis\u00f5es! E se surgirem maiores d\u00favidas, contate-nos para adequadamente te orientar. #direitocivil\u00a0#OACB\u00a0#clientela\u00a0#OAB\u00a0#civil\u00a0#decisao\u00a0#suspens\u00e3odeatividades<\/p>\n","protected":false},"author":1,"featured_media":0,"comment_status":"closed","ping_status":"open","sticky":false,"template":"","format":"standard","meta":{"site-sidebar-layout":"default","site-content-layout":"","ast-site-content-layout":"default","site-content-style":"default","site-sidebar-style":"default","ast-global-header-display":"","ast-banner-title-visibility":"","ast-main-header-display":"","ast-hfb-above-header-display":"","ast-hfb-below-header-display":"","ast-hfb-mobile-header-display":"","site-post-title":"","ast-breadcrumbs-content":"","ast-featured-img":"","footer-sml-layout":"","ast-disable-related-posts":"","theme-transparent-header-meta":"default","adv-header-id-meta":"","stick-header-meta":"","header-above-stick-meta":"","header-main-stick-meta":"","header-below-stick-meta":"","astra-migrate-meta-layouts":"set","ast-page-background-enabled":"default","ast-page-background-meta":{"desktop":{"background-color":"var(--ast-global-color-4)","background-image":"","background-repeat":"repeat","background-position":"center center","background-size":"auto","background-attachment":"scroll","background-type":"","background-media":"","overlay-type":"","overlay-color":"","overlay-opacity":"","overlay-gradient":""},"tablet":{"background-color":"","background-image":"","background-repeat":"repeat","background-position":"center center","background-size":"auto","background-attachment":"scroll","background-type":"","background-media":"","overlay-type":"","overlay-color":"","overlay-opacity":"","overlay-gradient":""},"mobile":{"background-color":"","background-image":"","background-repeat":"repeat","background-position":"center center","background-size":"auto","background-attachment":"scroll","background-type":"","background-media":"","overlay-type":"","overlay-color":"","overlay-opacity":"","overlay-gradient":""}},"ast-content-background-meta":{"desktop":{"background-color":"var(--ast-global-color-5)","background-image":"","background-repeat":"repeat","background-position":"center center","background-size":"auto","background-attachment":"scroll","background-type":"","background-media":"","overlay-type":"","overlay-color":"","overlay-opacity":"","overlay-gradient":""},"tablet":{"background-color":"var(--ast-global-color-5)","background-image":"","background-repeat":"repeat","background-position":"center center","background-size":"auto","background-attachment":"scroll","background-type":"","background-media":"","overlay-type":"","overlay-color":"","overlay-opacity":"","overlay-gradient":""},"mobile":{"background-color":"var(--ast-global-color-5)","background-image":"","background-repeat":"repeat","background-position":"center center","background-size":"auto","background-attachment":"scroll","background-type":"","background-media":"","overlay-type":"","overlay-color":"","overlay-opacity":"","overlay-gradient":""}},"footnotes":""},"categories":[1],"tags":[],"class_list":["post-2419","post","type-post","status-publish","format-standard","hentry","category-sem-categoria"],"_links":{"self":[{"href":"https:\/\/marcelcolares.adv.br\/index.php?rest_route=\/wp\/v2\/posts\/2419","targetHints":{"allow":["GET"]}}],"collection":[{"href":"https:\/\/marcelcolares.adv.br\/index.php?rest_route=\/wp\/v2\/posts"}],"about":[{"href":"https:\/\/marcelcolares.adv.br\/index.php?rest_route=\/wp\/v2\/types\/post"}],"author":[{"embeddable":true,"href":"https:\/\/marcelcolares.adv.br\/index.php?rest_route=\/wp\/v2\/users\/1"}],"replies":[{"embeddable":true,"href":"https:\/\/marcelcolares.adv.br\/index.php?rest_route=%2Fwp%2Fv2%2Fcomments&post=2419"}],"version-history":[{"count":1,"href":"https:\/\/marcelcolares.adv.br\/index.php?rest_route=\/wp\/v2\/posts\/2419\/revisions"}],"predecessor-version":[{"id":2421,"href":"https:\/\/marcelcolares.adv.br\/index.php?rest_route=\/wp\/v2\/posts\/2419\/revisions\/2421"}],"wp:attachment":[{"href":"https:\/\/marcelcolares.adv.br\/index.php?rest_route=%2Fwp%2Fv2%2Fmedia&parent=2419"}],"wp:term":[{"taxonomy":"category","embeddable":true,"href":"https:\/\/marcelcolares.adv.br\/index.php?rest_route=%2Fwp%2Fv2%2Fcategories&post=2419"},{"taxonomy":"post_tag","embeddable":true,"href":"https:\/\/marcelcolares.adv.br\/index.php?rest_route=%2Fwp%2Fv2%2Ftags&post=2419"}],"curies":[{"name":"wp","href":"https:\/\/api.w.org\/{rel}","templated":true}]}}