{"id":2437,"date":"2024-05-10T15:22:59","date_gmt":"2024-05-10T18:22:59","guid":{"rendered":"https:\/\/marcelcolares.adv.br\/?p=2437"},"modified":"2024-09-19T15:22:29","modified_gmt":"2024-09-19T18:22:29","slug":"auxilio-por-incapacidade-temporaria-e-auxilio-acidente-posso-receber-os-dois-ao-mesmo-tempo","status":"publish","type":"post","link":"https:\/\/marcelcolares.adv.br\/?p=2437","title":{"rendered":"AUX\u00cdLIO POR INCAPACIDADE TEMPOR\u00c1RIA E AUX\u00cdLIO ACIDENTE- POSSO RECEBER OS DOIS AO MESMO TEMPO?"},"content":{"rendered":"<p><img fetchpriority=\"high\" decoding=\"async\" class=\"alignnone size-medium wp-image-2438\" src=\"https:\/\/marcelcolares.adv.br\/wp-content\/uploads\/2024\/09\/1-1-300x300.jpg\" alt=\"\" width=\"300\" height=\"300\" srcset=\"https:\/\/marcelcolares.adv.br\/wp-content\/uploads\/2024\/09\/1-1-300x300.jpg 300w, https:\/\/marcelcolares.adv.br\/wp-content\/uploads\/2024\/09\/1-1-1024x1024.jpg 1024w, https:\/\/marcelcolares.adv.br\/wp-content\/uploads\/2024\/09\/1-1-150x150.jpg 150w, https:\/\/marcelcolares.adv.br\/wp-content\/uploads\/2024\/09\/1-1-768x768.jpg 768w, https:\/\/marcelcolares.adv.br\/wp-content\/uploads\/2024\/09\/1-1.jpg 1080w\" sizes=\"(max-width: 300px) 100vw, 300px\" \/><\/p>\n<p>A Reforma da Previd\u00eancia de 2019 trouxe importantes mudan\u00e7as na concess\u00e3o de direitos. Nesse contexto, muitas pessoas se perguntam se \u00e9 poss\u00edvel acumular esses dois benef\u00edcios.<\/p>\n<p>Vamos entender!<\/p>\n<p>O aux\u00edlio por incapacidade tempor\u00e1ria \u00e9 fornecido pela Previd\u00eancia Social aos segurados que n\u00e3o podem exercer suas atividades laborativas ou habituais momentaneamente.<\/p>\n<p>Todos os trabalhadores t\u00eam direito a ele, com exce\u00e7\u00e3o do segurado recluso em regime fechado.<\/p>\n<p>Por outro lado, o aux\u00edlio-acidente tem natureza indenizat\u00f3ria e \u00e9 concedido aos segurados que atendem aos seguintes crit\u00e9rios:<\/p>\n<p>&#8211; Sofreram acidentes de qualquer natureza;<br \/>\n&#8211; Ficaram com sequelas permanentes que resultam na redu\u00e7\u00e3o de sua capacidade de realizar atividades que costumavam desempenhar.<\/p>\n<p>Esse benef\u00edcio \u00e9 garantido aos segurados empregados, avulsos, dom\u00e9sticos e especiais, com a exclus\u00e3o dos facultativos e contribuintes individuais.<\/p>\n<p>Ambos os aux\u00edlios podem ser recebidos ao mesmo tempo, desde que a causa para a concess\u00e3o seja distinta.<\/p>\n<p>Para saber mais sobre as possibilidades de acumula\u00e7\u00e3o, consulte um advogado previdenciarista!<\/p>\n<p><a class=\"x1i10hfl xjbqb8w x1ejq31n xd10rxx x1sy0etr x17r0tee x972fbf xcfux6l x1qhh985 xm0m39n x9f619 x1ypdohk xt0psk2 xe8uvvx xdj266r x11i5rnm xat24cr x1mh8g0r xexx8yu x4uap5 x18d9i69 xkhd6sd x16tdsg8 x1hl2dhg xggy1nq x1a2a7pz  _aa9_ _a6hd\" tabindex=\"0\" role=\"link\" href=\"https:\/\/www.instagram.com\/explore\/tags\/direitoprevidenci%C3%A1rio\/\">#direitoprevidenci\u00e1rio<\/a>\u00a0<a class=\"x1i10hfl xjbqb8w x1ejq31n xd10rxx x1sy0etr x17r0tee x972fbf xcfux6l x1qhh985 xm0m39n x9f619 x1ypdohk xt0psk2 xe8uvvx xdj266r x11i5rnm xat24cr x1mh8g0r xexx8yu x4uap5 x18d9i69 xkhd6sd x16tdsg8 x1hl2dhg xggy1nq x1a2a7pz  _aa9_ _a6hd\" tabindex=\"0\" role=\"link\" href=\"https:\/\/www.instagram.com\/explore\/tags\/inss\/\">#INSS<\/a>\u00a0<a class=\"x1i10hfl xjbqb8w x1ejq31n xd10rxx x1sy0etr x17r0tee x972fbf xcfux6l x1qhh985 xm0m39n x9f619 x1ypdohk xt0psk2 xe8uvvx xdj266r x11i5rnm xat24cr x1mh8g0r xexx8yu x4uap5 x18d9i69 xkhd6sd x16tdsg8 x1hl2dhg xggy1nq x1a2a7pz  _aa9_ _a6hd\" tabindex=\"0\" role=\"link\" href=\"https:\/\/www.instagram.com\/explore\/tags\/advogadoprevidenciarista\/\">#advogadoprevidenciarista<\/a>\u00a0<a class=\"x1i10hfl xjbqb8w x1ejq31n xd10rxx x1sy0etr x17r0tee x972fbf xcfux6l x1qhh985 xm0m39n x9f619 x1ypdohk xt0psk2 xe8uvvx xdj266r x11i5rnm xat24cr x1mh8g0r xexx8yu x4uap5 x18d9i69 xkhd6sd x16tdsg8 x1hl2dhg xggy1nq x1a2a7pz  _aa9_ _a6hd\" tabindex=\"0\" role=\"link\" href=\"https:\/\/www.instagram.com\/explore\/tags\/aux%C3%ADlioacidente\/\">#aux\u00edlioacidente<\/a>\u00a0<a class=\"x1i10hfl xjbqb8w x1ejq31n xd10rxx x1sy0etr x17r0tee x972fbf xcfux6l x1qhh985 xm0m39n x9f619 x1ypdohk xt0psk2 xe8uvvx xdj266r x11i5rnm xat24cr x1mh8g0r xexx8yu x4uap5 x18d9i69 xkhd6sd x16tdsg8 x1hl2dhg xggy1nq x1a2a7pz  _aa9_ _a6hd\" tabindex=\"0\" role=\"link\" href=\"https:\/\/www.instagram.com\/explore\/tags\/aux%C3%ADlioporincapacidadetempor%C3%A1ria\/\">#aux\u00edlioporincapacidadetempor\u00e1ria<\/a>\u00a0<a class=\"x1i10hfl xjbqb8w x1ejq31n xd10rxx x1sy0etr x17r0tee x972fbf xcfux6l x1qhh985 xm0m39n x9f619 x1ypdohk xt0psk2 xe8uvvx xdj266r x11i5rnm xat24cr x1mh8g0r xexx8yu x4uap5 x18d9i69 xkhd6sd x16tdsg8 x1hl2dhg xggy1nq x1a2a7pz  _aa9_ _a6hd\" tabindex=\"0\" role=\"link\" href=\"https:\/\/www.instagram.com\/explore\/tags\/acumula%C3%A7%C3%A3odebenef%C3%ADciosprevidenci%C3%A1rios\/\">#acumula\u00e7\u00e3odebenef\u00edciosprevidenci\u00e1rios<\/a><\/p>\n","protected":false},"excerpt":{"rendered":"<p>A Reforma da Previd\u00eancia de 2019 trouxe importantes mudan\u00e7as na concess\u00e3o de direitos. Nesse contexto, muitas pessoas se perguntam se \u00e9 poss\u00edvel acumular esses dois benef\u00edcios. Vamos entender! O aux\u00edlio por incapacidade tempor\u00e1ria \u00e9 fornecido pela Previd\u00eancia Social aos segurados que n\u00e3o podem exercer suas atividades laborativas ou habituais momentaneamente. Todos os trabalhadores t\u00eam direito a ele, com exce\u00e7\u00e3o do segurado recluso em regime fechado. Por outro lado, o aux\u00edlio-acidente tem natureza indenizat\u00f3ria e \u00e9 concedido aos segurados que atendem aos seguintes crit\u00e9rios: &#8211; Sofreram acidentes de qualquer natureza; &#8211; Ficaram com sequelas permanentes que resultam na redu\u00e7\u00e3o de sua capacidade de realizar atividades que costumavam desempenhar. Esse benef\u00edcio \u00e9 garantido aos segurados empregados, avulsos, dom\u00e9sticos e especiais, com a exclus\u00e3o dos facultativos e contribuintes individuais. Ambos os aux\u00edlios podem ser recebidos ao mesmo tempo, desde que a causa para a concess\u00e3o seja distinta. Para saber mais sobre as possibilidades de acumula\u00e7\u00e3o, consulte um advogado previdenciarista! #direitoprevidenci\u00e1rio\u00a0#INSS\u00a0#advogadoprevidenciarista\u00a0#aux\u00edlioacidente\u00a0#aux\u00edlioporincapacidadetempor\u00e1ria\u00a0#acumula\u00e7\u00e3odebenef\u00edciosprevidenci\u00e1rios<\/p>\n","protected":false},"author":1,"featured_media":0,"comment_status":"closed","ping_status":"open","sticky":false,"template":"","format":"standard","meta":{"site-sidebar-layout":"default","site-content-layout":"","ast-site-content-layout":"default","site-content-style":"default","site-sidebar-style":"default","ast-global-header-display":"","ast-banner-title-visibility":"","ast-main-header-display":"","ast-hfb-above-header-display":"","ast-hfb-below-header-display":"","ast-hfb-mobile-header-display":"","site-post-title":"","ast-breadcrumbs-content":"","ast-featured-img":"","footer-sml-layout":"","ast-disable-related-posts":"","theme-transparent-header-meta":"default","adv-header-id-meta":"","stick-header-meta":"","header-above-stick-meta":"","header-main-stick-meta":"","header-below-stick-meta":"","astra-migrate-meta-layouts":"set","ast-page-background-enabled":"default","ast-page-background-meta":{"desktop":{"background-color":"var(--ast-global-color-4)","background-image":"","background-repeat":"repeat","background-position":"center center","background-size":"auto","background-attachment":"scroll","background-type":"","background-media":"","overlay-type":"","overlay-color":"","overlay-opacity":"","overlay-gradient":""},"tablet":{"background-color":"","background-image":"","background-repeat":"repeat","background-position":"center center","background-size":"auto","background-attachment":"scroll","background-type":"","background-media":"","overlay-type":"","overlay-color":"","overlay-opacity":"","overlay-gradient":""},"mobile":{"background-color":"","background-image":"","background-repeat":"repeat","background-position":"center center","background-size":"auto","background-attachment":"scroll","background-type":"","background-media":"","overlay-type":"","overlay-color":"","overlay-opacity":"","overlay-gradient":""}},"ast-content-background-meta":{"desktop":{"background-color":"var(--ast-global-color-5)","background-image":"","background-repeat":"repeat","background-position":"center center","background-size":"auto","background-attachment":"scroll","background-type":"","background-media":"","overlay-type":"","overlay-color":"","overlay-opacity":"","overlay-gradient":""},"tablet":{"background-color":"var(--ast-global-color-5)","background-image":"","background-repeat":"repeat","background-position":"center center","background-size":"auto","background-attachment":"scroll","background-type":"","background-media":"","overlay-type":"","overlay-color":"","overlay-opacity":"","overlay-gradient":""},"mobile":{"background-color":"var(--ast-global-color-5)","background-image":"","background-repeat":"repeat","background-position":"center center","background-size":"auto","background-attachment":"scroll","background-type":"","background-media":"","overlay-type":"","overlay-color":"","overlay-opacity":"","overlay-gradient":""}},"footnotes":""},"categories":[1],"tags":[],"class_list":["post-2437","post","type-post","status-publish","format-standard","hentry","category-sem-categoria"],"_links":{"self":[{"href":"https:\/\/marcelcolares.adv.br\/index.php?rest_route=\/wp\/v2\/posts\/2437","targetHints":{"allow":["GET"]}}],"collection":[{"href":"https:\/\/marcelcolares.adv.br\/index.php?rest_route=\/wp\/v2\/posts"}],"about":[{"href":"https:\/\/marcelcolares.adv.br\/index.php?rest_route=\/wp\/v2\/types\/post"}],"author":[{"embeddable":true,"href":"https:\/\/marcelcolares.adv.br\/index.php?rest_route=\/wp\/v2\/users\/1"}],"replies":[{"embeddable":true,"href":"https:\/\/marcelcolares.adv.br\/index.php?rest_route=%2Fwp%2Fv2%2Fcomments&post=2437"}],"version-history":[{"count":1,"href":"https:\/\/marcelcolares.adv.br\/index.php?rest_route=\/wp\/v2\/posts\/2437\/revisions"}],"predecessor-version":[{"id":2439,"href":"https:\/\/marcelcolares.adv.br\/index.php?rest_route=\/wp\/v2\/posts\/2437\/revisions\/2439"}],"wp:attachment":[{"href":"https:\/\/marcelcolares.adv.br\/index.php?rest_route=%2Fwp%2Fv2%2Fmedia&parent=2437"}],"wp:term":[{"taxonomy":"category","embeddable":true,"href":"https:\/\/marcelcolares.adv.br\/index.php?rest_route=%2Fwp%2Fv2%2Fcategories&post=2437"},{"taxonomy":"post_tag","embeddable":true,"href":"https:\/\/marcelcolares.adv.br\/index.php?rest_route=%2Fwp%2Fv2%2Ftags&post=2437"}],"curies":[{"name":"wp","href":"https:\/\/api.w.org\/{rel}","templated":true}]}}