{"id":2446,"date":"2024-05-14T15:31:05","date_gmt":"2024-05-14T18:31:05","guid":{"rendered":"https:\/\/marcelcolares.adv.br\/?p=2446"},"modified":"2024-09-19T15:31:21","modified_gmt":"2024-09-19T18:31:21","slug":"auxilio-doenca-e-seguro-desemprego-podem-ser-recebidos-ao-mesmo-tempo","status":"publish","type":"post","link":"https:\/\/marcelcolares.adv.br\/?p=2446","title":{"rendered":"AUX\u00cdLIO-DOEN\u00c7A E SEGURO DESEMPREGO PODEM SER RECEBIDOS AO MESMO TEMPO?"},"content":{"rendered":"<p><img fetchpriority=\"high\" decoding=\"async\" class=\"alignnone size-medium wp-image-2447\" src=\"https:\/\/marcelcolares.adv.br\/wp-content\/uploads\/2024\/09\/4-1-300x300.jpg\" alt=\"\" width=\"300\" height=\"300\" srcset=\"https:\/\/marcelcolares.adv.br\/wp-content\/uploads\/2024\/09\/4-1-300x300.jpg 300w, https:\/\/marcelcolares.adv.br\/wp-content\/uploads\/2024\/09\/4-1-1024x1024.jpg 1024w, https:\/\/marcelcolares.adv.br\/wp-content\/uploads\/2024\/09\/4-1-150x150.jpg 150w, https:\/\/marcelcolares.adv.br\/wp-content\/uploads\/2024\/09\/4-1-768x768.jpg 768w, https:\/\/marcelcolares.adv.br\/wp-content\/uploads\/2024\/09\/4-1.jpg 1080w\" sizes=\"(max-width: 300px) 100vw, 300px\" \/><\/p>\n<p>J\u00e1 se perguntou se \u00e9 poss\u00edvel receber o aux\u00edlio-doen\u00e7a e o seguro desemprego ao mesmo tempo?<\/p>\n<p>Vamos esclarecer essa d\u00favida!<\/p>\n<p>O aux\u00edlio-doen\u00e7a \u00e9 um benef\u00edcio pago pelo INSS quando o trabalhador fica incapacitado temporariamente por motivo de doen\u00e7a ou acidente.<\/p>\n<p>Enquanto isso, o seguro-desemprego \u00e9 uma assist\u00eancia financeira tempor\u00e1ria concedida ao trabalhador que foi dispensado sem justa causa.<\/p>\n<p>Ocorre que a legisla\u00e7\u00e3o brasileira n\u00e3o permite receber o seguro-desemprego junto com qualquer outro benef\u00edcio de presta\u00e7\u00e3o continuada, exceto em casos espec\u00edficos, como:<\/p>\n<p>1- Aux\u00edlio-acidente;<\/p>\n<p>2- Aux\u00edlio-reclus\u00e3o;<\/p>\n<p>3- Aux\u00edlio-suplementar;<\/p>\n<p>4- Abono de perman\u00eancia em servi\u00e7o e<\/p>\n<p>5- Pens\u00e3o por morte.<\/p>\n<p>Portanto, como o aux\u00edlio-doen\u00e7a n\u00e3o se enquadra nos benef\u00edcios mencionados, ele n\u00e3o pode ser cumulado com o seguro-desemprego.<\/p>\n<p>No entanto, se um dos benef\u00edcios for cessado, \u00e9 poss\u00edvel solicitar o recebimento do outro separadamente.<\/p>\n<p>Conhece algu\u00e9m que est\u00e1 passando por uma situa\u00e7\u00e3o como essa?<\/p>\n<p>Compartilhe a informa\u00e7\u00e3o!<\/p>\n<p>E se restaram d\u00favidas, agende uma consulta para que possamos adequadamente te orientar.<\/p>\n<p><a class=\"x1i10hfl xjbqb8w x1ejq31n xd10rxx x1sy0etr x17r0tee x972fbf xcfux6l x1qhh985 xm0m39n x9f619 x1ypdohk xt0psk2 xe8uvvx xdj266r x11i5rnm xat24cr x1mh8g0r xexx8yu x4uap5 x18d9i69 xkhd6sd x16tdsg8 x1hl2dhg xggy1nq x1a2a7pz _aa9_ _a6hd\" tabindex=\"0\" role=\"link\" href=\"https:\/\/www.instagram.com\/explore\/tags\/direitoprevidenci%C3%A1rio\/\">#direitoprevidenci\u00e1rio<\/a>\u00a0<a class=\"x1i10hfl xjbqb8w x1ejq31n xd10rxx x1sy0etr x17r0tee x972fbf xcfux6l x1qhh985 xm0m39n x9f619 x1ypdohk xt0psk2 xe8uvvx xdj266r x11i5rnm xat24cr x1mh8g0r xexx8yu x4uap5 x18d9i69 xkhd6sd x16tdsg8 x1hl2dhg xggy1nq x1a2a7pz _aa9_ _a6hd\" tabindex=\"0\" role=\"link\" href=\"https:\/\/www.instagram.com\/explore\/tags\/auxiliodoen%C3%A7a\/\">#auxiliodoen\u00e7a<\/a>\u00a0<a class=\"x1i10hfl xjbqb8w x1ejq31n xd10rxx x1sy0etr x17r0tee x972fbf xcfux6l x1qhh985 xm0m39n x9f619 x1ypdohk xt0psk2 xe8uvvx xdj266r x11i5rnm xat24cr x1mh8g0r xexx8yu x4uap5 x18d9i69 xkhd6sd x16tdsg8 x1hl2dhg xggy1nq x1a2a7pz _aa9_ _a6hd\" tabindex=\"0\" role=\"link\" href=\"https:\/\/www.instagram.com\/explore\/tags\/benef%C3%ADciosocial\/\">#benef\u00edciosocial<\/a>\u00a0<a class=\"x1i10hfl xjbqb8w x1ejq31n xd10rxx x1sy0etr x17r0tee x972fbf xcfux6l x1qhh985 xm0m39n x9f619 x1ypdohk xt0psk2 xe8uvvx xdj266r x11i5rnm xat24cr x1mh8g0r xexx8yu x4uap5 x18d9i69 xkhd6sd x16tdsg8 x1hl2dhg xggy1nq x1a2a7pz _aa9_ _a6hd\" tabindex=\"0\" role=\"link\" href=\"https:\/\/www.instagram.com\/explore\/tags\/segurodesemprego\/\">#segurodesemprego<\/a>\u00a0<a class=\"x1i10hfl xjbqb8w x1ejq31n xd10rxx x1sy0etr x17r0tee x972fbf xcfux6l x1qhh985 xm0m39n x9f619 x1ypdohk xt0psk2 xe8uvvx xdj266r x11i5rnm xat24cr x1mh8g0r xexx8yu x4uap5 x18d9i69 xkhd6sd x16tdsg8 x1hl2dhg xggy1nq x1a2a7pz _aa9_ _a6hd\" tabindex=\"0\" role=\"link\" href=\"https:\/\/www.instagram.com\/explore\/tags\/inss\/\">#INSS<\/a>\u00a0<a class=\"x1i10hfl xjbqb8w x1ejq31n xd10rxx x1sy0etr x17r0tee x972fbf xcfux6l x1qhh985 xm0m39n x9f619 x1ypdohk xt0psk2 xe8uvvx xdj266r x11i5rnm xat24cr x1mh8g0r xexx8yu x4uap5 x18d9i69 xkhd6sd x16tdsg8 x1hl2dhg xggy1nq x1a2a7pz _aa9_ _a6hd\" tabindex=\"0\" role=\"link\" href=\"https:\/\/www.instagram.com\/explore\/tags\/cumula%C3%A7%C3%A3o\/\">#cumula\u00e7\u00e3o<\/a>\u00a0<a class=\"x1i10hfl xjbqb8w x1ejq31n xd10rxx x1sy0etr x17r0tee x972fbf xcfux6l x1qhh985 xm0m39n x9f619 x1ypdohk xt0psk2 xe8uvvx xdj266r x11i5rnm xat24cr x1mh8g0r xexx8yu x4uap5 x18d9i69 xkhd6sd x16tdsg8 x1hl2dhg xggy1nq x1a2a7pz _aa9_ _a6hd\" tabindex=\"0\" role=\"link\" href=\"https:\/\/www.instagram.com\/explore\/tags\/benef%C3%ADcios\/\">#benef\u00edcios<\/a>\u00a0<a class=\"x1i10hfl xjbqb8w x1ejq31n xd10rxx x1sy0etr x17r0tee x972fbf xcfux6l x1qhh985 xm0m39n x9f619 x1ypdohk xt0psk2 xe8uvvx xdj266r x11i5rnm xat24cr x1mh8g0r xexx8yu x4uap5 x18d9i69 xkhd6sd x16tdsg8 x1hl2dhg xggy1nq x1a2a7pz _aa9_ _a6hd\" tabindex=\"0\" role=\"link\" href=\"https:\/\/www.instagram.com\/explore\/tags\/benef%C3%ADcioprevidenci%C3%A1rio\/\">#benef\u00edcioprevidenci\u00e1rio<\/a><\/p>\n","protected":false},"excerpt":{"rendered":"<p>J\u00e1 se perguntou se \u00e9 poss\u00edvel receber o aux\u00edlio-doen\u00e7a e o seguro desemprego ao mesmo tempo? Vamos esclarecer essa d\u00favida! O aux\u00edlio-doen\u00e7a \u00e9 um benef\u00edcio pago pelo INSS quando o trabalhador fica incapacitado temporariamente por motivo de doen\u00e7a ou acidente. Enquanto isso, o seguro-desemprego \u00e9 uma assist\u00eancia financeira tempor\u00e1ria concedida ao trabalhador que foi dispensado sem justa causa. Ocorre que a legisla\u00e7\u00e3o brasileira n\u00e3o permite receber o seguro-desemprego junto com qualquer outro benef\u00edcio de presta\u00e7\u00e3o continuada, exceto em casos espec\u00edficos, como: 1- Aux\u00edlio-acidente; 2- Aux\u00edlio-reclus\u00e3o; 3- Aux\u00edlio-suplementar; 4- Abono de perman\u00eancia em servi\u00e7o e 5- Pens\u00e3o por morte. Portanto, como o aux\u00edlio-doen\u00e7a n\u00e3o se enquadra nos benef\u00edcios mencionados, ele n\u00e3o pode ser cumulado com o seguro-desemprego. No entanto, se um dos benef\u00edcios for cessado, \u00e9 poss\u00edvel solicitar o recebimento do outro separadamente. Conhece algu\u00e9m que est\u00e1 passando por uma situa\u00e7\u00e3o como essa? Compartilhe a informa\u00e7\u00e3o! E se restaram d\u00favidas, agende uma consulta para que possamos adequadamente te orientar. #direitoprevidenci\u00e1rio\u00a0#auxiliodoen\u00e7a\u00a0#benef\u00edciosocial\u00a0#segurodesemprego\u00a0#INSS\u00a0#cumula\u00e7\u00e3o\u00a0#benef\u00edcios\u00a0#benef\u00edcioprevidenci\u00e1rio<\/p>\n","protected":false},"author":1,"featured_media":0,"comment_status":"closed","ping_status":"open","sticky":false,"template":"","format":"standard","meta":{"site-sidebar-layout":"default","site-content-layout":"","ast-site-content-layout":"default","site-content-style":"default","site-sidebar-style":"default","ast-global-header-display":"","ast-banner-title-visibility":"","ast-main-header-display":"","ast-hfb-above-header-display":"","ast-hfb-below-header-display":"","ast-hfb-mobile-header-display":"","site-post-title":"","ast-breadcrumbs-content":"","ast-featured-img":"","footer-sml-layout":"","ast-disable-related-posts":"","theme-transparent-header-meta":"default","adv-header-id-meta":"","stick-header-meta":"","header-above-stick-meta":"","header-main-stick-meta":"","header-below-stick-meta":"","astra-migrate-meta-layouts":"set","ast-page-background-enabled":"default","ast-page-background-meta":{"desktop":{"background-color":"var(--ast-global-color-4)","background-image":"","background-repeat":"repeat","background-position":"center center","background-size":"auto","background-attachment":"scroll","background-type":"","background-media":"","overlay-type":"","overlay-color":"","overlay-opacity":"","overlay-gradient":""},"tablet":{"background-color":"","background-image":"","background-repeat":"repeat","background-position":"center center","background-size":"auto","background-attachment":"scroll","background-type":"","background-media":"","overlay-type":"","overlay-color":"","overlay-opacity":"","overlay-gradient":""},"mobile":{"background-color":"","background-image":"","background-repeat":"repeat","background-position":"center center","background-size":"auto","background-attachment":"scroll","background-type":"","background-media":"","overlay-type":"","overlay-color":"","overlay-opacity":"","overlay-gradient":""}},"ast-content-background-meta":{"desktop":{"background-color":"var(--ast-global-color-5)","background-image":"","background-repeat":"repeat","background-position":"center center","background-size":"auto","background-attachment":"scroll","background-type":"","background-media":"","overlay-type":"","overlay-color":"","overlay-opacity":"","overlay-gradient":""},"tablet":{"background-color":"var(--ast-global-color-5)","background-image":"","background-repeat":"repeat","background-position":"center center","background-size":"auto","background-attachment":"scroll","background-type":"","background-media":"","overlay-type":"","overlay-color":"","overlay-opacity":"","overlay-gradient":""},"mobile":{"background-color":"var(--ast-global-color-5)","background-image":"","background-repeat":"repeat","background-position":"center center","background-size":"auto","background-attachment":"scroll","background-type":"","background-media":"","overlay-type":"","overlay-color":"","overlay-opacity":"","overlay-gradient":""}},"footnotes":""},"categories":[1],"tags":[],"class_list":["post-2446","post","type-post","status-publish","format-standard","hentry","category-sem-categoria"],"_links":{"self":[{"href":"https:\/\/marcelcolares.adv.br\/index.php?rest_route=\/wp\/v2\/posts\/2446","targetHints":{"allow":["GET"]}}],"collection":[{"href":"https:\/\/marcelcolares.adv.br\/index.php?rest_route=\/wp\/v2\/posts"}],"about":[{"href":"https:\/\/marcelcolares.adv.br\/index.php?rest_route=\/wp\/v2\/types\/post"}],"author":[{"embeddable":true,"href":"https:\/\/marcelcolares.adv.br\/index.php?rest_route=\/wp\/v2\/users\/1"}],"replies":[{"embeddable":true,"href":"https:\/\/marcelcolares.adv.br\/index.php?rest_route=%2Fwp%2Fv2%2Fcomments&post=2446"}],"version-history":[{"count":1,"href":"https:\/\/marcelcolares.adv.br\/index.php?rest_route=\/wp\/v2\/posts\/2446\/revisions"}],"predecessor-version":[{"id":2448,"href":"https:\/\/marcelcolares.adv.br\/index.php?rest_route=\/wp\/v2\/posts\/2446\/revisions\/2448"}],"wp:attachment":[{"href":"https:\/\/marcelcolares.adv.br\/index.php?rest_route=%2Fwp%2Fv2%2Fmedia&parent=2446"}],"wp:term":[{"taxonomy":"category","embeddable":true,"href":"https:\/\/marcelcolares.adv.br\/index.php?rest_route=%2Fwp%2Fv2%2Fcategories&post=2446"},{"taxonomy":"post_tag","embeddable":true,"href":"https:\/\/marcelcolares.adv.br\/index.php?rest_route=%2Fwp%2Fv2%2Ftags&post=2446"}],"curies":[{"name":"wp","href":"https:\/\/api.w.org\/{rel}","templated":true}]}}