{"id":2466,"date":"2024-05-20T15:56:56","date_gmt":"2024-05-20T18:56:56","guid":{"rendered":"https:\/\/marcelcolares.adv.br\/?p=2466"},"modified":"2024-09-19T15:59:33","modified_gmt":"2024-09-19T18:59:33","slug":"qual-a-duracao-da-manutencao-da-qualidade-do-segurado-no-inss","status":"publish","type":"post","link":"https:\/\/marcelcolares.adv.br\/?p=2466","title":{"rendered":"QUAL A DURA\u00c7\u00c3O DA MANUTEN\u00c7\u00c3O DA QUALIDADE DO SEGURADO NO INSS?"},"content":{"rendered":"<p><img fetchpriority=\"high\" decoding=\"async\" class=\"alignnone size-medium wp-image-2467\" src=\"https:\/\/marcelcolares.adv.br\/wp-content\/uploads\/2024\/09\/10-1-300x300.jpg\" alt=\"\" width=\"300\" height=\"300\" srcset=\"https:\/\/marcelcolares.adv.br\/wp-content\/uploads\/2024\/09\/10-1-300x300.jpg 300w, https:\/\/marcelcolares.adv.br\/wp-content\/uploads\/2024\/09\/10-1-1024x1024.jpg 1024w, https:\/\/marcelcolares.adv.br\/wp-content\/uploads\/2024\/09\/10-1-150x150.jpg 150w, https:\/\/marcelcolares.adv.br\/wp-content\/uploads\/2024\/09\/10-1-768x768.jpg 768w, https:\/\/marcelcolares.adv.br\/wp-content\/uploads\/2024\/09\/10-1.jpg 1080w\" sizes=\"(max-width: 300px) 100vw, 300px\" \/><\/p>\n<p>O per\u00edodo de manuten\u00e7\u00e3o da qualidade de segurado, tamb\u00e9m chamado de per\u00edodo de gra\u00e7a, \u00e9 o lapso temporal em que se mant\u00e9m a prote\u00e7\u00e3o previdenci\u00e1ria mesmo sem contribui\u00e7\u00f5es efetuadas.<\/p>\n<p>E quanto tempo \u00e9 poss\u00edvel manter essa condi\u00e7\u00e3o?<\/p>\n<p>A resposta \u00e9 depende.<\/p>\n<p>Existem 6 situa\u00e7\u00f5es previstas em lei, cada uma com seu prazo de dura\u00e7\u00e3o. Vejamos:<\/p>\n<p>1- Em gozo de benef\u00edcio previdenci\u00e1rio, exceto de aux\u00edlio-acidente, a qualidade de segurado continua enquanto durar o benef\u00edcio;<\/p>\n<p>2- Quando deixam de exercer atividade remunerada, os empregados, trabalhadores avulsos, contribuintes individuais e segurados especiais, continuam no per\u00edodo de gra\u00e7a por 12 meses ap\u00f3s pararem de contribuir;<\/p>\n<p>3- Se o segurado for acometido por doen\u00e7a que exige isolamento, o per\u00edodo de gra\u00e7a ser\u00e1 de 12 meses ap\u00f3s a enfermidade;<\/p>\n<p>4- Para o preso detido ou recluso, at\u00e9 12 meses ap\u00f3s o livramento;<\/p>\n<p>5- Para o segurado facultativo, 6 meses ap\u00f3s parar de contribuir.<\/p>\n<p>6- No caso do segurado incorporado \u00e0s For\u00e7as Armadas, at\u00e9 3 meses ap\u00f3s o licenciamento;<\/p>\n<p>\u00c0queles que deixaram de exercer atividade remunerada, ser\u00e1 acrescido mais 12 meses se houver mais de 120 contribui\u00e7\u00f5es pagas sem que tenha ocorrido a perda da qualidade de segurado. Ter\u00e1, tamb\u00e9m, mais 12 meses para o indiv\u00edduo que comprovar desemprego.<\/p>\n<p>Quer saber em qual situa\u00e7\u00e3o voc\u00ea se encaixa? Procure-nos, somos especialistas!<\/p>\n<p><a class=\"x1i10hfl xjbqb8w x1ejq31n xd10rxx x1sy0etr x17r0tee x972fbf xcfux6l x1qhh985 xm0m39n x9f619 x1ypdohk xt0psk2 xe8uvvx xdj266r x11i5rnm xat24cr x1mh8g0r xexx8yu x4uap5 x18d9i69 xkhd6sd x16tdsg8 x1hl2dhg xggy1nq x1a2a7pz  _aa9_ _a6hd\" tabindex=\"0\" role=\"link\" href=\"https:\/\/www.instagram.com\/explore\/tags\/direitoprevidenci%C3%A1rio\/\">#direitoprevidenci\u00e1rio<\/a>\u00a0<a class=\"x1i10hfl xjbqb8w x1ejq31n xd10rxx x1sy0etr x17r0tee x972fbf xcfux6l x1qhh985 xm0m39n x9f619 x1ypdohk xt0psk2 xe8uvvx xdj266r x11i5rnm xat24cr x1mh8g0r xexx8yu x4uap5 x18d9i69 xkhd6sd x16tdsg8 x1hl2dhg xggy1nq x1a2a7pz  _aa9_ _a6hd\" tabindex=\"0\" role=\"link\" href=\"https:\/\/www.instagram.com\/explore\/tags\/per%C3%ADododegra%C3%A7a\/\">#per\u00edododegra\u00e7a<\/a>\u00a0<a class=\"x1i10hfl xjbqb8w x1ejq31n xd10rxx x1sy0etr x17r0tee x972fbf xcfux6l x1qhh985 xm0m39n x9f619 x1ypdohk xt0psk2 xe8uvvx xdj266r x11i5rnm xat24cr x1mh8g0r xexx8yu x4uap5 x18d9i69 xkhd6sd x16tdsg8 x1hl2dhg xggy1nq x1a2a7pz  _aa9_ _a6hd\" tabindex=\"0\" role=\"link\" href=\"https:\/\/www.instagram.com\/explore\/tags\/qualidadesegurado\/\">#qualidadesegurado<\/a>\u00a0<a class=\"x1i10hfl xjbqb8w x1ejq31n xd10rxx x1sy0etr x17r0tee x972fbf xcfux6l x1qhh985 xm0m39n x9f619 x1ypdohk xt0psk2 xe8uvvx xdj266r x11i5rnm xat24cr x1mh8g0r xexx8yu x4uap5 x18d9i69 xkhd6sd x16tdsg8 x1hl2dhg xggy1nq x1a2a7pz  _aa9_ _a6hd\" tabindex=\"0\" role=\"link\" href=\"https:\/\/www.instagram.com\/explore\/tags\/dura%C3%A7%C3%A3odoper%C3%ADododegra%C3%A7a\/\">#dura\u00e7\u00e3odoper\u00edododegra\u00e7a<\/a>\u00a0<a class=\"x1i10hfl xjbqb8w x1ejq31n xd10rxx x1sy0etr x17r0tee x972fbf xcfux6l x1qhh985 xm0m39n x9f619 x1ypdohk xt0psk2 xe8uvvx xdj266r x11i5rnm xat24cr x1mh8g0r xexx8yu x4uap5 x18d9i69 xkhd6sd x16tdsg8 x1hl2dhg xggy1nq x1a2a7pz  _aa9_ _a6hd\" tabindex=\"0\" role=\"link\" href=\"https:\/\/www.instagram.com\/explore\/tags\/inss\/\">#INSS<\/a><\/p>\n","protected":false},"excerpt":{"rendered":"<p>O per\u00edodo de manuten\u00e7\u00e3o da qualidade de segurado, tamb\u00e9m chamado de per\u00edodo de gra\u00e7a, \u00e9 o lapso temporal em que se mant\u00e9m a prote\u00e7\u00e3o previdenci\u00e1ria mesmo sem contribui\u00e7\u00f5es efetuadas. E quanto tempo \u00e9 poss\u00edvel manter essa condi\u00e7\u00e3o? A resposta \u00e9 depende. Existem 6 situa\u00e7\u00f5es previstas em lei, cada uma com seu prazo de dura\u00e7\u00e3o. Vejamos: 1- Em gozo de benef\u00edcio previdenci\u00e1rio, exceto de aux\u00edlio-acidente, a qualidade de segurado continua enquanto durar o benef\u00edcio; 2- Quando deixam de exercer atividade remunerada, os empregados, trabalhadores avulsos, contribuintes individuais e segurados especiais, continuam no per\u00edodo de gra\u00e7a por 12 meses ap\u00f3s pararem de contribuir; 3- Se o segurado for acometido por doen\u00e7a que exige isolamento, o per\u00edodo de gra\u00e7a ser\u00e1 de 12 meses ap\u00f3s a enfermidade; 4- Para o preso detido ou recluso, at\u00e9 12 meses ap\u00f3s o livramento; 5- Para o segurado facultativo, 6 meses ap\u00f3s parar de contribuir. 6- No caso do segurado incorporado \u00e0s For\u00e7as Armadas, at\u00e9 3 meses ap\u00f3s o licenciamento; \u00c0queles que deixaram de exercer atividade remunerada, ser\u00e1 acrescido mais 12 meses se houver mais de 120 contribui\u00e7\u00f5es pagas sem que tenha ocorrido a perda da qualidade de segurado. Ter\u00e1, tamb\u00e9m, mais 12 meses para o indiv\u00edduo que comprovar desemprego. Quer saber em qual situa\u00e7\u00e3o voc\u00ea se encaixa? Procure-nos, somos especialistas! #direitoprevidenci\u00e1rio\u00a0#per\u00edododegra\u00e7a\u00a0#qualidadesegurado\u00a0#dura\u00e7\u00e3odoper\u00edododegra\u00e7a\u00a0#INSS<\/p>\n","protected":false},"author":1,"featured_media":0,"comment_status":"closed","ping_status":"open","sticky":false,"template":"","format":"standard","meta":{"site-sidebar-layout":"default","site-content-layout":"","ast-site-content-layout":"default","site-content-style":"default","site-sidebar-style":"default","ast-global-header-display":"","ast-banner-title-visibility":"","ast-main-header-display":"","ast-hfb-above-header-display":"","ast-hfb-below-header-display":"","ast-hfb-mobile-header-display":"","site-post-title":"","ast-breadcrumbs-content":"","ast-featured-img":"","footer-sml-layout":"","ast-disable-related-posts":"","theme-transparent-header-meta":"default","adv-header-id-meta":"","stick-header-meta":"","header-above-stick-meta":"","header-main-stick-meta":"","header-below-stick-meta":"","astra-migrate-meta-layouts":"set","ast-page-background-enabled":"default","ast-page-background-meta":{"desktop":{"background-color":"var(--ast-global-color-4)","background-image":"","background-repeat":"repeat","background-position":"center center","background-size":"auto","background-attachment":"scroll","background-type":"","background-media":"","overlay-type":"","overlay-color":"","overlay-opacity":"","overlay-gradient":""},"tablet":{"background-color":"","background-image":"","background-repeat":"repeat","background-position":"center center","background-size":"auto","background-attachment":"scroll","background-type":"","background-media":"","overlay-type":"","overlay-color":"","overlay-opacity":"","overlay-gradient":""},"mobile":{"background-color":"","background-image":"","background-repeat":"repeat","background-position":"center center","background-size":"auto","background-attachment":"scroll","background-type":"","background-media":"","overlay-type":"","overlay-color":"","overlay-opacity":"","overlay-gradient":""}},"ast-content-background-meta":{"desktop":{"background-color":"var(--ast-global-color-5)","background-image":"","background-repeat":"repeat","background-position":"center center","background-size":"auto","background-attachment":"scroll","background-type":"","background-media":"","overlay-type":"","overlay-color":"","overlay-opacity":"","overlay-gradient":""},"tablet":{"background-color":"var(--ast-global-color-5)","background-image":"","background-repeat":"repeat","background-position":"center center","background-size":"auto","background-attachment":"scroll","background-type":"","background-media":"","overlay-type":"","overlay-color":"","overlay-opacity":"","overlay-gradient":""},"mobile":{"background-color":"var(--ast-global-color-5)","background-image":"","background-repeat":"repeat","background-position":"center center","background-size":"auto","background-attachment":"scroll","background-type":"","background-media":"","overlay-type":"","overlay-color":"","overlay-opacity":"","overlay-gradient":""}},"footnotes":""},"categories":[1],"tags":[],"class_list":["post-2466","post","type-post","status-publish","format-standard","hentry","category-sem-categoria"],"_links":{"self":[{"href":"https:\/\/marcelcolares.adv.br\/index.php?rest_route=\/wp\/v2\/posts\/2466","targetHints":{"allow":["GET"]}}],"collection":[{"href":"https:\/\/marcelcolares.adv.br\/index.php?rest_route=\/wp\/v2\/posts"}],"about":[{"href":"https:\/\/marcelcolares.adv.br\/index.php?rest_route=\/wp\/v2\/types\/post"}],"author":[{"embeddable":true,"href":"https:\/\/marcelcolares.adv.br\/index.php?rest_route=\/wp\/v2\/users\/1"}],"replies":[{"embeddable":true,"href":"https:\/\/marcelcolares.adv.br\/index.php?rest_route=%2Fwp%2Fv2%2Fcomments&post=2466"}],"version-history":[{"count":1,"href":"https:\/\/marcelcolares.adv.br\/index.php?rest_route=\/wp\/v2\/posts\/2466\/revisions"}],"predecessor-version":[{"id":2468,"href":"https:\/\/marcelcolares.adv.br\/index.php?rest_route=\/wp\/v2\/posts\/2466\/revisions\/2468"}],"wp:attachment":[{"href":"https:\/\/marcelcolares.adv.br\/index.php?rest_route=%2Fwp%2Fv2%2Fmedia&parent=2466"}],"wp:term":[{"taxonomy":"category","embeddable":true,"href":"https:\/\/marcelcolares.adv.br\/index.php?rest_route=%2Fwp%2Fv2%2Fcategories&post=2466"},{"taxonomy":"post_tag","embeddable":true,"href":"https:\/\/marcelcolares.adv.br\/index.php?rest_route=%2Fwp%2Fv2%2Ftags&post=2466"}],"curies":[{"name":"wp","href":"https:\/\/api.w.org\/{rel}","templated":true}]}}