{"id":2511,"date":"2024-06-14T17:12:52","date_gmt":"2024-06-14T20:12:52","guid":{"rendered":"https:\/\/marcelcolares.adv.br\/?p=2511"},"modified":"2024-09-19T17:34:56","modified_gmt":"2024-09-19T20:34:56","slug":"trt2-simples-cicatriz-sem-consequencias-ao-trabalho-nao-e-considerada-dano-estetico","status":"publish","type":"post","link":"https:\/\/marcelcolares.adv.br\/?p=2511","title":{"rendered":"TRT2- SIMPLES CICATRIZ SEM CONSEQU\u00caNCIAS AO TRABALHO N\u00c3O \u00c9 CONSIDERADA DANO EST\u00c9TICO"},"content":{"rendered":"<p><img fetchpriority=\"high\" decoding=\"async\" class=\"alignnone size-medium wp-image-2512\" src=\"https:\/\/marcelcolares.adv.br\/wp-content\/uploads\/2024\/09\/3-3-300x300.jpg\" alt=\"\" width=\"300\" height=\"300\" srcset=\"https:\/\/marcelcolares.adv.br\/wp-content\/uploads\/2024\/09\/3-3-300x300.jpg 300w, https:\/\/marcelcolares.adv.br\/wp-content\/uploads\/2024\/09\/3-3-1024x1024.jpg 1024w, https:\/\/marcelcolares.adv.br\/wp-content\/uploads\/2024\/09\/3-3-150x150.jpg 150w, https:\/\/marcelcolares.adv.br\/wp-content\/uploads\/2024\/09\/3-3-768x768.jpg 768w, https:\/\/marcelcolares.adv.br\/wp-content\/uploads\/2024\/09\/3-3.jpg 1080w\" sizes=\"(max-width: 300px) 100vw, 300px\" \/><\/p>\n<p>A 11\u00aa Turma do TRT da 2\u00aa Regi\u00e3o reformou senten\u00e7a para afastar o reconhecimento de dano est\u00e9tico de empregado que teve les\u00f5es nos dedos por causa de atividades como cozinheiro de lanchonete.<\/p>\n<p>De acordo com laudo de perito m\u00e9dico, houve danos de grau leve ao profissional, caracterizados por cicatrizes de aproximadamente tr\u00eas cent\u00edmetros e um cent\u00edmetro nas regi\u00f5es laterais e dorsais de dois dedos da m\u00e3o esquerda.<\/p>\n<p>Segundo a ju\u00edza-relatora Adriana Prado Lima, tais marcas n\u00e3o s\u00e3o capazes de causar problemas ao trabalhador a ponto de afetar o conv\u00edvio social ou laboral, uma vez que n\u00e3o se caracterizam deforma\u00e7\u00e3o grosseira ou limitadora. \u201cAs cicatrizes sequer s\u00e3o n\u00edtidas nas fotos constantes no laudo, demonstrando que s\u00e3o impercept\u00edveis de pronto, podendo passar despercebidas ao p\u00fablico em geral\u201d, afirmou a magistrada.<\/p>\n<p>A julgadora utiliza a jurisprud\u00eancia do Tribunal Superior do Trabalho para esclarecer que dano est\u00e9tico, al\u00e9m de ser les\u00e3o decorrente de acidente de trabalho, deve provocar desfigura\u00e7\u00e3o da v\u00edtima e torn\u00e1-la visualmente marcada, ao ponto de provocar \u201cconstrangimentos, humilha\u00e7\u00f5es ou desgosto, que confluem em dor moral\u201d.<\/p>\n<p>Apesar do rev\u00e9s no pedido relativo \u00e0 quest\u00e3o f\u00edsica, o trabalhador ser\u00e1 indenizado por dano moral. Segundo a ju\u00edza, este \u00e9 presumido, uma vez que deriva do pr\u00f3prio fato lesivo. Bastou comprovar a ocorr\u00eancia do acidente e a culpa subjetiva da reclamada pelo fato.<\/p>\n<p>Processo n\u00ba 1000309-14.2020.5.02.0069<\/p>\n<p>Fonte: Tribunal Regional do Trabalho da 2\u00aa Regi\u00e3o<\/p>\n<p><a class=\"x1i10hfl xjbqb8w x1ejq31n xd10rxx x1sy0etr x17r0tee x972fbf xcfux6l x1qhh985 xm0m39n x9f619 x1ypdohk xt0psk2 xe8uvvx xdj266r x11i5rnm xat24cr x1mh8g0r xexx8yu x4uap5 x18d9i69 xkhd6sd x16tdsg8 x1hl2dhg xggy1nq x1a2a7pz _aa9_ _a6hd\" tabindex=\"0\" role=\"link\" href=\"https:\/\/www.instagram.com\/explore\/tags\/direitotrabalhista\/\">#direitotrabalhista<\/a>\u00a0<a class=\"x1i10hfl xjbqb8w x1ejq31n xd10rxx x1sy0etr x17r0tee x972fbf xcfux6l x1qhh985 xm0m39n x9f619 x1ypdohk xt0psk2 xe8uvvx xdj266r x11i5rnm xat24cr x1mh8g0r xexx8yu x4uap5 x18d9i69 xkhd6sd x16tdsg8 x1hl2dhg xggy1nq x1a2a7pz _aa9_ _a6hd\" tabindex=\"0\" role=\"link\" href=\"https:\/\/www.instagram.com\/explore\/tags\/simplescicatriz\/\">#simplescicatriz<\/a>\u00a0<a class=\"x1i10hfl xjbqb8w x1ejq31n xd10rxx x1sy0etr x17r0tee x972fbf xcfux6l x1qhh985 xm0m39n x9f619 x1ypdohk xt0psk2 xe8uvvx xdj266r x11i5rnm xat24cr x1mh8g0r xexx8yu x4uap5 x18d9i69 xkhd6sd x16tdsg8 x1hl2dhg xggy1nq x1a2a7pz _aa9_ _a6hd\" tabindex=\"0\" role=\"link\" href=\"https:\/\/www.instagram.com\/explore\/tags\/trabalhador\/\">#trabalhador<\/a>\u00a0<a class=\"x1i10hfl xjbqb8w x1ejq31n xd10rxx x1sy0etr x17r0tee x972fbf xcfux6l x1qhh985 xm0m39n x9f619 x1ypdohk xt0psk2 xe8uvvx xdj266r x11i5rnm xat24cr x1mh8g0r xexx8yu x4uap5 x18d9i69 xkhd6sd x16tdsg8 x1hl2dhg xggy1nq x1a2a7pz _aa9_ _a6hd\" tabindex=\"0\" role=\"link\" href=\"https:\/\/www.instagram.com\/explore\/tags\/danoest%C3%A9tico\/\">#danoest\u00e9tico<\/a>\u00a0<a class=\"x1i10hfl xjbqb8w x1ejq31n xd10rxx x1sy0etr x17r0tee x972fbf xcfux6l x1qhh985 xm0m39n x9f619 x1ypdohk xt0psk2 xe8uvvx xdj266r x11i5rnm xat24cr x1mh8g0r xexx8yu x4uap5 x18d9i69 xkhd6sd x16tdsg8 x1hl2dhg xggy1nq x1a2a7pz _aa9_ _a6hd\" tabindex=\"0\" role=\"link\" href=\"https:\/\/www.instagram.com\/explore\/tags\/improced%C3%AAncia\/\">#improced\u00eancia<\/a>\u00a0<a class=\"x1i10hfl xjbqb8w x1ejq31n xd10rxx x1sy0etr x17r0tee x972fbf xcfux6l x1qhh985 xm0m39n x9f619 x1ypdohk xt0psk2 xe8uvvx xdj266r x11i5rnm xat24cr x1mh8g0r xexx8yu x4uap5 x18d9i69 xkhd6sd x16tdsg8 x1hl2dhg xggy1nq x1a2a7pz _aa9_ _a6hd\" tabindex=\"0\" role=\"link\" href=\"https:\/\/www.instagram.com\/explore\/tags\/trt2\/\">#TRT2<\/a><\/p>\n","protected":false},"excerpt":{"rendered":"<p>A 11\u00aa Turma do TRT da 2\u00aa Regi\u00e3o reformou senten\u00e7a para afastar o reconhecimento de dano est\u00e9tico de empregado que teve les\u00f5es nos dedos por causa de atividades como cozinheiro de lanchonete. De acordo com laudo de perito m\u00e9dico, houve danos de grau leve ao profissional, caracterizados por cicatrizes de aproximadamente tr\u00eas cent\u00edmetros e um cent\u00edmetro nas regi\u00f5es laterais e dorsais de dois dedos da m\u00e3o esquerda. Segundo a ju\u00edza-relatora Adriana Prado Lima, tais marcas n\u00e3o s\u00e3o capazes de causar problemas ao trabalhador a ponto de afetar o conv\u00edvio social ou laboral, uma vez que n\u00e3o se caracterizam deforma\u00e7\u00e3o grosseira ou limitadora. \u201cAs cicatrizes sequer s\u00e3o n\u00edtidas nas fotos constantes no laudo, demonstrando que s\u00e3o impercept\u00edveis de pronto, podendo passar despercebidas ao p\u00fablico em geral\u201d, afirmou a magistrada. A julgadora utiliza a jurisprud\u00eancia do Tribunal Superior do Trabalho para esclarecer que dano est\u00e9tico, al\u00e9m de ser les\u00e3o decorrente de acidente de trabalho, deve provocar desfigura\u00e7\u00e3o da v\u00edtima e torn\u00e1-la visualmente marcada, ao ponto de provocar \u201cconstrangimentos, humilha\u00e7\u00f5es ou desgosto, que confluem em dor moral\u201d. Apesar do rev\u00e9s no pedido relativo \u00e0 quest\u00e3o f\u00edsica, o trabalhador ser\u00e1 indenizado por dano moral. Segundo a ju\u00edza, este \u00e9 presumido, uma vez que deriva do pr\u00f3prio fato lesivo. Bastou comprovar a ocorr\u00eancia do acidente e a culpa subjetiva da reclamada pelo fato. Processo n\u00ba 1000309-14.2020.5.02.0069 Fonte: Tribunal Regional do Trabalho da 2\u00aa Regi\u00e3o #direitotrabalhista\u00a0#simplescicatriz\u00a0#trabalhador\u00a0#danoest\u00e9tico\u00a0#improced\u00eancia\u00a0#TRT2<\/p>\n","protected":false},"author":1,"featured_media":0,"comment_status":"closed","ping_status":"open","sticky":false,"template":"","format":"standard","meta":{"site-sidebar-layout":"default","site-content-layout":"","ast-site-content-layout":"default","site-content-style":"default","site-sidebar-style":"default","ast-global-header-display":"","ast-banner-title-visibility":"","ast-main-header-display":"","ast-hfb-above-header-display":"","ast-hfb-below-header-display":"","ast-hfb-mobile-header-display":"","site-post-title":"","ast-breadcrumbs-content":"","ast-featured-img":"","footer-sml-layout":"","ast-disable-related-posts":"","theme-transparent-header-meta":"default","adv-header-id-meta":"","stick-header-meta":"","header-above-stick-meta":"","header-main-stick-meta":"","header-below-stick-meta":"","astra-migrate-meta-layouts":"set","ast-page-background-enabled":"default","ast-page-background-meta":{"desktop":{"background-color":"var(--ast-global-color-4)","background-image":"","background-repeat":"repeat","background-position":"center center","background-size":"auto","background-attachment":"scroll","background-type":"","background-media":"","overlay-type":"","overlay-color":"","overlay-opacity":"","overlay-gradient":""},"tablet":{"background-color":"","background-image":"","background-repeat":"repeat","background-position":"center center","background-size":"auto","background-attachment":"scroll","background-type":"","background-media":"","overlay-type":"","overlay-color":"","overlay-opacity":"","overlay-gradient":""},"mobile":{"background-color":"","background-image":"","background-repeat":"repeat","background-position":"center center","background-size":"auto","background-attachment":"scroll","background-type":"","background-media":"","overlay-type":"","overlay-color":"","overlay-opacity":"","overlay-gradient":""}},"ast-content-background-meta":{"desktop":{"background-color":"var(--ast-global-color-5)","background-image":"","background-repeat":"repeat","background-position":"center center","background-size":"auto","background-attachment":"scroll","background-type":"","background-media":"","overlay-type":"","overlay-color":"","overlay-opacity":"","overlay-gradient":""},"tablet":{"background-color":"var(--ast-global-color-5)","background-image":"","background-repeat":"repeat","background-position":"center center","background-size":"auto","background-attachment":"scroll","background-type":"","background-media":"","overlay-type":"","overlay-color":"","overlay-opacity":"","overlay-gradient":""},"mobile":{"background-color":"var(--ast-global-color-5)","background-image":"","background-repeat":"repeat","background-position":"center center","background-size":"auto","background-attachment":"scroll","background-type":"","background-media":"","overlay-type":"","overlay-color":"","overlay-opacity":"","overlay-gradient":""}},"footnotes":""},"categories":[1],"tags":[],"class_list":["post-2511","post","type-post","status-publish","format-standard","hentry","category-sem-categoria"],"_links":{"self":[{"href":"https:\/\/marcelcolares.adv.br\/index.php?rest_route=\/wp\/v2\/posts\/2511","targetHints":{"allow":["GET"]}}],"collection":[{"href":"https:\/\/marcelcolares.adv.br\/index.php?rest_route=\/wp\/v2\/posts"}],"about":[{"href":"https:\/\/marcelcolares.adv.br\/index.php?rest_route=\/wp\/v2\/types\/post"}],"author":[{"embeddable":true,"href":"https:\/\/marcelcolares.adv.br\/index.php?rest_route=\/wp\/v2\/users\/1"}],"replies":[{"embeddable":true,"href":"https:\/\/marcelcolares.adv.br\/index.php?rest_route=%2Fwp%2Fv2%2Fcomments&post=2511"}],"version-history":[{"count":1,"href":"https:\/\/marcelcolares.adv.br\/index.php?rest_route=\/wp\/v2\/posts\/2511\/revisions"}],"predecessor-version":[{"id":2514,"href":"https:\/\/marcelcolares.adv.br\/index.php?rest_route=\/wp\/v2\/posts\/2511\/revisions\/2514"}],"wp:attachment":[{"href":"https:\/\/marcelcolares.adv.br\/index.php?rest_route=%2Fwp%2Fv2%2Fmedia&parent=2511"}],"wp:term":[{"taxonomy":"category","embeddable":true,"href":"https:\/\/marcelcolares.adv.br\/index.php?rest_route=%2Fwp%2Fv2%2Fcategories&post=2511"},{"taxonomy":"post_tag","embeddable":true,"href":"https:\/\/marcelcolares.adv.br\/index.php?rest_route=%2Fwp%2Fv2%2Ftags&post=2511"}],"curies":[{"name":"wp","href":"https:\/\/api.w.org\/{rel}","templated":true}]}}