{"id":2594,"date":"2024-07-16T18:12:03","date_gmt":"2024-07-16T21:12:03","guid":{"rendered":"https:\/\/marcelcolares.adv.br\/?p=2594"},"modified":"2024-09-23T18:12:18","modified_gmt":"2024-09-23T21:12:18","slug":"decisao-cancelamento-de-plano-de-saude-sem-justificativa-e-ilegal","status":"publish","type":"post","link":"https:\/\/marcelcolares.adv.br\/?p=2594","title":{"rendered":"DECIS\u00c3O: CANCELAMENTO DE PLANO DE SA\u00daDE SEM JUSTIFICATIVA \u00c9 ILEGAL!"},"content":{"rendered":"<p><img fetchpriority=\"high\" decoding=\"async\" class=\"alignnone size-medium wp-image-2573\" src=\"https:\/\/marcelcolares.adv.br\/wp-content\/uploads\/2024\/09\/7-5-300x300.jpg\" alt=\"\" width=\"300\" height=\"300\" srcset=\"https:\/\/marcelcolares.adv.br\/wp-content\/uploads\/2024\/09\/7-5-300x300.jpg 300w, https:\/\/marcelcolares.adv.br\/wp-content\/uploads\/2024\/09\/7-5-1024x1024.jpg 1024w, https:\/\/marcelcolares.adv.br\/wp-content\/uploads\/2024\/09\/7-5-150x150.jpg 150w, https:\/\/marcelcolares.adv.br\/wp-content\/uploads\/2024\/09\/7-5-768x768.jpg 768w, https:\/\/marcelcolares.adv.br\/wp-content\/uploads\/2024\/09\/7-5.jpg 1080w\" sizes=\"(max-width: 300px) 100vw, 300px\" \/><\/p>\n<p>No caso em quest\u00e3o, uma idosa de 81 anos teve o plano de sa\u00fade cancelado pela operadora sem qualquer notifica\u00e7\u00e3o ou aviso pr\u00e9vio.<\/p>\n<p>A mulher era benefici\u00e1ria desde 2013, quando adquiriu a presta\u00e7\u00e3o de servi\u00e7os de maneira coletiva.<\/p>\n<p>Ela fazia tratamento para c\u00e2ncer de mama h\u00e1 mais de 14 anos e, ap\u00f3s o cancelamento, tentou retomar o contrato com a operadora, por\u00e9m, sem sucesso.<\/p>\n<p>Em defesa, a empresa alegou que a rescis\u00e3o ocorreu de acordo com os termos da legisla\u00e7\u00e3o, justificando pela vig\u00eancia do contrato firmado com a idosa.<\/p>\n<p>A Resolu\u00e7\u00e3o 195\/2009 determina que as condi\u00e7\u00f5es para cancelamento ou suspens\u00e3o de cobertura em planos de sa\u00fade coletivos devem estar especificadas no contrato.<\/p>\n<p>Dessa forma, o ju\u00edzo julgou procedente o pedido da idosa, alegando a irregularidade do rompimento do contrato sem qualquer justificativa expl\u00edcita em contrato.<\/p>\n<p>Assim, foi estabelecido que a revoga\u00e7\u00e3o do plano causou danos morais \u00e0 mulher, condenando a empresa a pagar indeniza\u00e7\u00e3o de R$ 10 mil para a idosa.<\/p>\n<p>Em caso de d\u00favidas, contate-nos por aux\u00edlio jur\u00eddico especializado!<\/p>\n<p><a href=\"https:\/\/www.instagram.com\/explore\/tags\/direitocivil\/\">#direitocivil<\/a>\u00a0<a href=\"https:\/\/www.instagram.com\/explore\/tags\/direito%C3%A0sa%C3%BAde\/\">#direito\u00e0sa\u00fade<\/a>\u00a0<a href=\"https:\/\/www.instagram.com\/explore\/tags\/direitocontratual\/\">#direitocontratual<\/a>\u00a0<a href=\"https:\/\/www.instagram.com\/explore\/tags\/contratos\/\">#contratos<\/a>\u00a0<a href=\"https:\/\/www.instagram.com\/explore\/tags\/danosmorais\/\">#danosmorais<\/a>\u00a0<a href=\"https:\/\/www.instagram.com\/explore\/tags\/idoso\/\">#idoso<\/a><\/p>\n<div class=\"x1yztbdb x1h3rv7z x1swvt13\">\n<div class=\"x9f619 xjbqb8w x78zum5 x168nmei x13lgxp2 x5pf9jr xo71vjh x1n2onr6 x1plvlek xryxfnj x1c4vz4f x2lah0s x1q0g3np xqjyukv x6s0dn4 x1oa3qoh x1nhvcw1\">\n<div class=\"_ap3a _aaco _aacu _aacx _aad6 _aade\" dir=\"auto\"><\/div>\n<\/div>\n<\/div>\n","protected":false},"excerpt":{"rendered":"<p>No caso em quest\u00e3o, uma idosa de 81 anos teve o plano de sa\u00fade cancelado pela operadora sem qualquer notifica\u00e7\u00e3o ou aviso pr\u00e9vio. A mulher era benefici\u00e1ria desde 2013, quando adquiriu a presta\u00e7\u00e3o de servi\u00e7os de maneira coletiva. Ela fazia tratamento para c\u00e2ncer de mama h\u00e1 mais de 14 anos e, ap\u00f3s o cancelamento, tentou retomar o contrato com a operadora, por\u00e9m, sem sucesso. Em defesa, a empresa alegou que a rescis\u00e3o ocorreu de acordo com os termos da legisla\u00e7\u00e3o, justificando pela vig\u00eancia do contrato firmado com a idosa. A Resolu\u00e7\u00e3o 195\/2009 determina que as condi\u00e7\u00f5es para cancelamento ou suspens\u00e3o de cobertura em planos de sa\u00fade coletivos devem estar especificadas no contrato. Dessa forma, o ju\u00edzo julgou procedente o pedido da idosa, alegando a irregularidade do rompimento do contrato sem qualquer justificativa expl\u00edcita em contrato. Assim, foi estabelecido que a revoga\u00e7\u00e3o do plano causou danos morais \u00e0 mulher, condenando a empresa a pagar indeniza\u00e7\u00e3o de R$ 10 mil para a idosa. Em caso de d\u00favidas, contate-nos por aux\u00edlio jur\u00eddico especializado! #direitocivil\u00a0#direito\u00e0sa\u00fade\u00a0#direitocontratual\u00a0#contratos\u00a0#danosmorais\u00a0#idoso<\/p>\n","protected":false},"author":1,"featured_media":0,"comment_status":"closed","ping_status":"open","sticky":false,"template":"","format":"standard","meta":{"site-sidebar-layout":"default","site-content-layout":"","ast-site-content-layout":"default","site-content-style":"default","site-sidebar-style":"default","ast-global-header-display":"","ast-banner-title-visibility":"","ast-main-header-display":"","ast-hfb-above-header-display":"","ast-hfb-below-header-display":"","ast-hfb-mobile-header-display":"","site-post-title":"","ast-breadcrumbs-content":"","ast-featured-img":"","footer-sml-layout":"","ast-disable-related-posts":"","theme-transparent-header-meta":"default","adv-header-id-meta":"","stick-header-meta":"","header-above-stick-meta":"","header-main-stick-meta":"","header-below-stick-meta":"","astra-migrate-meta-layouts":"set","ast-page-background-enabled":"default","ast-page-background-meta":{"desktop":{"background-color":"var(--ast-global-color-4)","background-image":"","background-repeat":"repeat","background-position":"center center","background-size":"auto","background-attachment":"scroll","background-type":"","background-media":"","overlay-type":"","overlay-color":"","overlay-opacity":"","overlay-gradient":""},"tablet":{"background-color":"","background-image":"","background-repeat":"repeat","background-position":"center center","background-size":"auto","background-attachment":"scroll","background-type":"","background-media":"","overlay-type":"","overlay-color":"","overlay-opacity":"","overlay-gradient":""},"mobile":{"background-color":"","background-image":"","background-repeat":"repeat","background-position":"center center","background-size":"auto","background-attachment":"scroll","background-type":"","background-media":"","overlay-type":"","overlay-color":"","overlay-opacity":"","overlay-gradient":""}},"ast-content-background-meta":{"desktop":{"background-color":"var(--ast-global-color-5)","background-image":"","background-repeat":"repeat","background-position":"center center","background-size":"auto","background-attachment":"scroll","background-type":"","background-media":"","overlay-type":"","overlay-color":"","overlay-opacity":"","overlay-gradient":""},"tablet":{"background-color":"var(--ast-global-color-5)","background-image":"","background-repeat":"repeat","background-position":"center center","background-size":"auto","background-attachment":"scroll","background-type":"","background-media":"","overlay-type":"","overlay-color":"","overlay-opacity":"","overlay-gradient":""},"mobile":{"background-color":"var(--ast-global-color-5)","background-image":"","background-repeat":"repeat","background-position":"center center","background-size":"auto","background-attachment":"scroll","background-type":"","background-media":"","overlay-type":"","overlay-color":"","overlay-opacity":"","overlay-gradient":""}},"footnotes":""},"categories":[1],"tags":[],"class_list":["post-2594","post","type-post","status-publish","format-standard","hentry","category-sem-categoria"],"_links":{"self":[{"href":"https:\/\/marcelcolares.adv.br\/index.php?rest_route=\/wp\/v2\/posts\/2594","targetHints":{"allow":["GET"]}}],"collection":[{"href":"https:\/\/marcelcolares.adv.br\/index.php?rest_route=\/wp\/v2\/posts"}],"about":[{"href":"https:\/\/marcelcolares.adv.br\/index.php?rest_route=\/wp\/v2\/types\/post"}],"author":[{"embeddable":true,"href":"https:\/\/marcelcolares.adv.br\/index.php?rest_route=\/wp\/v2\/users\/1"}],"replies":[{"embeddable":true,"href":"https:\/\/marcelcolares.adv.br\/index.php?rest_route=%2Fwp%2Fv2%2Fcomments&post=2594"}],"version-history":[{"count":1,"href":"https:\/\/marcelcolares.adv.br\/index.php?rest_route=\/wp\/v2\/posts\/2594\/revisions"}],"predecessor-version":[{"id":2595,"href":"https:\/\/marcelcolares.adv.br\/index.php?rest_route=\/wp\/v2\/posts\/2594\/revisions\/2595"}],"wp:attachment":[{"href":"https:\/\/marcelcolares.adv.br\/index.php?rest_route=%2Fwp%2Fv2%2Fmedia&parent=2594"}],"wp:term":[{"taxonomy":"category","embeddable":true,"href":"https:\/\/marcelcolares.adv.br\/index.php?rest_route=%2Fwp%2Fv2%2Fcategories&post=2594"},{"taxonomy":"post_tag","embeddable":true,"href":"https:\/\/marcelcolares.adv.br\/index.php?rest_route=%2Fwp%2Fv2%2Ftags&post=2594"}],"curies":[{"name":"wp","href":"https:\/\/api.w.org\/{rel}","templated":true}]}}