{"id":2648,"date":"2024-07-31T13:20:20","date_gmt":"2024-07-31T16:20:20","guid":{"rendered":"https:\/\/marcelcolares.adv.br\/?p=2648"},"modified":"2024-09-25T13:20:14","modified_gmt":"2024-09-25T16:20:14","slug":"cdep-comissao-debate-criacao-de-piso-salarial-para-trabalhadores-do-sistema-unico-de-assistencia-social","status":"publish","type":"post","link":"https:\/\/marcelcolares.adv.br\/?p=2648","title":{"rendered":"CDEP \u2013 COMISS\u00c3O DEBATE CRIA\u00c7\u00c3O DE PISO SALARIAL PARA TRABALHADORES DO SISTEMA \u00daNICO DE ASSIST\u00caNCIA SOCIAL"},"content":{"rendered":"<p><img fetchpriority=\"high\" decoding=\"async\" class=\"alignnone size-medium wp-image-2649\" src=\"https:\/\/marcelcolares.adv.br\/wp-content\/uploads\/2024\/09\/1-8-300x300.jpg\" alt=\"\" width=\"300\" height=\"300\" srcset=\"https:\/\/marcelcolares.adv.br\/wp-content\/uploads\/2024\/09\/1-8-300x300.jpg 300w, https:\/\/marcelcolares.adv.br\/wp-content\/uploads\/2024\/09\/1-8-1024x1024.jpg 1024w, https:\/\/marcelcolares.adv.br\/wp-content\/uploads\/2024\/09\/1-8-150x150.jpg 150w, https:\/\/marcelcolares.adv.br\/wp-content\/uploads\/2024\/09\/1-8-768x768.jpg 768w, https:\/\/marcelcolares.adv.br\/wp-content\/uploads\/2024\/09\/1-8.jpg 1080w\" sizes=\"(max-width: 300px) 100vw, 300px\" \/><img decoding=\"async\" class=\"alignnone size-medium wp-image-2650\" src=\"https:\/\/marcelcolares.adv.br\/wp-content\/uploads\/2024\/09\/2-8-300x300.jpg\" alt=\"\" width=\"300\" height=\"300\" srcset=\"https:\/\/marcelcolares.adv.br\/wp-content\/uploads\/2024\/09\/2-8-300x300.jpg 300w, https:\/\/marcelcolares.adv.br\/wp-content\/uploads\/2024\/09\/2-8-1024x1024.jpg 1024w, https:\/\/marcelcolares.adv.br\/wp-content\/uploads\/2024\/09\/2-8-150x150.jpg 150w, https:\/\/marcelcolares.adv.br\/wp-content\/uploads\/2024\/09\/2-8-768x768.jpg 768w, https:\/\/marcelcolares.adv.br\/wp-content\/uploads\/2024\/09\/2-8.jpg 1080w\" sizes=\"(max-width: 300px) 100vw, 300px\" \/><img decoding=\"async\" class=\"alignnone size-medium wp-image-2651\" src=\"https:\/\/marcelcolares.adv.br\/wp-content\/uploads\/2024\/09\/3-8-300x300.jpg\" alt=\"\" width=\"300\" height=\"300\" srcset=\"https:\/\/marcelcolares.adv.br\/wp-content\/uploads\/2024\/09\/3-8-300x300.jpg 300w, https:\/\/marcelcolares.adv.br\/wp-content\/uploads\/2024\/09\/3-8-1024x1024.jpg 1024w, https:\/\/marcelcolares.adv.br\/wp-content\/uploads\/2024\/09\/3-8-150x150.jpg 150w, https:\/\/marcelcolares.adv.br\/wp-content\/uploads\/2024\/09\/3-8-768x768.jpg 768w, https:\/\/marcelcolares.adv.br\/wp-content\/uploads\/2024\/09\/3-8.jpg 1080w\" sizes=\"(max-width: 300px) 100vw, 300px\" \/><\/p>\n<p>A Comiss\u00e3o de Administra\u00e7\u00e3o e Servi\u00e7o P\u00fablico da C\u00e2mara dos Deputados promove nesta quinta-feira (13) audi\u00eancia p\u00fablica sobre o piso salarial dos trabalhadores do Sistema \u00danico de Assist\u00eancia Social (Suas). O debate atende a pedido do deputado Reimont (PT-RJ).<\/p>\n<p>Para Reimont, \u00e9 de suma import\u00e2ncia que todos os trabalhadores do Suas, seja de n\u00edvel fundamental, m\u00e9dio e superior, tenham estabelecido o piso.<\/p>\n<p>&#8220;A assist\u00eancia social, um dos pilares do estado de bem-estar social, busca assegurar os direitos sociais dos indiv\u00edduos em situa\u00e7\u00e3o de vulnerabilidade e risco social, promovendo a inclus\u00e3o e a melhoria das condi\u00e7\u00f5es de vida da popula\u00e7\u00e3o mais necessitada. Nesse sentido, a cria\u00e7\u00e3o de um piso salarial para os profissionais que atuam nessa \u00e1rea \u00e9 uma medida indispens\u00e1vel para fortalecer e qualificar o servi\u00e7o prestado \u00e0 sociedade&#8221;, disse.<\/p>\n<p>Fonte: C\u00e2mara dos Deputados<\/p>\n<p><a class=\"x1i10hfl xjbqb8w x1ejq31n xd10rxx x1sy0etr x17r0tee x972fbf xcfux6l x1qhh985 xm0m39n x9f619 x1ypdohk xt0psk2 xe8uvvx xdj266r x11i5rnm xat24cr x1mh8g0r xexx8yu x4uap5 x18d9i69 xkhd6sd x16tdsg8 x1hl2dhg xggy1nq x1a2a7pz _aa9_ _a6hd\" tabindex=\"0\" role=\"link\" href=\"https:\/\/www.instagram.com\/explore\/tags\/direitoconstitucional\/\">#direitoconstitucional<\/a>\u00a0<a class=\"x1i10hfl xjbqb8w x1ejq31n xd10rxx x1sy0etr x17r0tee x972fbf xcfux6l x1qhh985 xm0m39n x9f619 x1ypdohk xt0psk2 xe8uvvx xdj266r x11i5rnm xat24cr x1mh8g0r xexx8yu x4uap5 x18d9i69 xkhd6sd x16tdsg8 x1hl2dhg xggy1nq x1a2a7pz _aa9_ _a6hd\" tabindex=\"0\" role=\"link\" href=\"https:\/\/www.instagram.com\/explore\/tags\/sistema%C3%BAnico\/\">#sistema\u00fanico<\/a>\u00a0<a class=\"x1i10hfl xjbqb8w x1ejq31n xd10rxx x1sy0etr x17r0tee x972fbf xcfux6l x1qhh985 xm0m39n x9f619 x1ypdohk xt0psk2 xe8uvvx xdj266r x11i5rnm xat24cr x1mh8g0r xexx8yu x4uap5 x18d9i69 xkhd6sd x16tdsg8 x1hl2dhg xggy1nq x1a2a7pz _aa9_ _a6hd\" tabindex=\"0\" role=\"link\" href=\"https:\/\/www.instagram.com\/explore\/tags\/assist%C3%AAnciasocial\/\">#assist\u00eanciasocial<\/a>\u00a0<a class=\"x1i10hfl xjbqb8w x1ejq31n xd10rxx x1sy0etr x17r0tee x972fbf xcfux6l x1qhh985 xm0m39n x9f619 x1ypdohk xt0psk2 xe8uvvx xdj266r x11i5rnm xat24cr x1mh8g0r xexx8yu x4uap5 x18d9i69 xkhd6sd x16tdsg8 x1hl2dhg xggy1nq x1a2a7pz _aa9_ _a6hd\" tabindex=\"0\" role=\"link\" href=\"https:\/\/www.instagram.com\/explore\/tags\/suas\/\">#SUAS<\/a>\u00a0<a class=\"x1i10hfl xjbqb8w x1ejq31n xd10rxx x1sy0etr x17r0tee x972fbf xcfux6l x1qhh985 xm0m39n x9f619 x1ypdohk xt0psk2 xe8uvvx xdj266r x11i5rnm xat24cr x1mh8g0r xexx8yu x4uap5 x18d9i69 xkhd6sd x16tdsg8 x1hl2dhg xggy1nq x1a2a7pz _aa9_ _a6hd\" tabindex=\"0\" role=\"link\" href=\"https:\/\/www.instagram.com\/explore\/tags\/pisosalarial\/\">#pisosalarial<\/a>\u00a0<a class=\"x1i10hfl xjbqb8w x1ejq31n xd10rxx x1sy0etr x17r0tee x972fbf xcfux6l x1qhh985 xm0m39n x9f619 x1ypdohk xt0psk2 xe8uvvx xdj266r x11i5rnm xat24cr x1mh8g0r xexx8yu x4uap5 x18d9i69 xkhd6sd x16tdsg8 x1hl2dhg xggy1nq x1a2a7pz _aa9_ _a6hd\" tabindex=\"0\" role=\"link\" href=\"https:\/\/www.instagram.com\/explore\/tags\/c%C3%A2maradosdeputados\/\">#c\u00e2maradosdeputados<\/a><\/p>\n","protected":false},"excerpt":{"rendered":"<p>A Comiss\u00e3o de Administra\u00e7\u00e3o e Servi\u00e7o P\u00fablico da C\u00e2mara dos Deputados promove nesta quinta-feira (13) audi\u00eancia p\u00fablica sobre o piso salarial dos trabalhadores do Sistema \u00danico de Assist\u00eancia Social (Suas). O debate atende a pedido do deputado Reimont (PT-RJ). Para Reimont, \u00e9 de suma import\u00e2ncia que todos os trabalhadores do Suas, seja de n\u00edvel fundamental, m\u00e9dio e superior, tenham estabelecido o piso. &#8220;A assist\u00eancia social, um dos pilares do estado de bem-estar social, busca assegurar os direitos sociais dos indiv\u00edduos em situa\u00e7\u00e3o de vulnerabilidade e risco social, promovendo a inclus\u00e3o e a melhoria das condi\u00e7\u00f5es de vida da popula\u00e7\u00e3o mais necessitada. Nesse sentido, a cria\u00e7\u00e3o de um piso salarial para os profissionais que atuam nessa \u00e1rea \u00e9 uma medida indispens\u00e1vel para fortalecer e qualificar o servi\u00e7o prestado \u00e0 sociedade&#8221;, disse. Fonte: C\u00e2mara dos Deputados #direitoconstitucional\u00a0#sistema\u00fanico\u00a0#assist\u00eanciasocial\u00a0#SUAS\u00a0#pisosalarial\u00a0#c\u00e2maradosdeputados<\/p>\n","protected":false},"author":1,"featured_media":0,"comment_status":"closed","ping_status":"open","sticky":false,"template":"","format":"standard","meta":{"site-sidebar-layout":"default","site-content-layout":"","ast-site-content-layout":"default","site-content-style":"default","site-sidebar-style":"default","ast-global-header-display":"","ast-banner-title-visibility":"","ast-main-header-display":"","ast-hfb-above-header-display":"","ast-hfb-below-header-display":"","ast-hfb-mobile-header-display":"","site-post-title":"","ast-breadcrumbs-content":"","ast-featured-img":"","footer-sml-layout":"","ast-disable-related-posts":"","theme-transparent-header-meta":"default","adv-header-id-meta":"","stick-header-meta":"","header-above-stick-meta":"","header-main-stick-meta":"","header-below-stick-meta":"","astra-migrate-meta-layouts":"set","ast-page-background-enabled":"default","ast-page-background-meta":{"desktop":{"background-color":"var(--ast-global-color-4)","background-image":"","background-repeat":"repeat","background-position":"center center","background-size":"auto","background-attachment":"scroll","background-type":"","background-media":"","overlay-type":"","overlay-color":"","overlay-opacity":"","overlay-gradient":""},"tablet":{"background-color":"","background-image":"","background-repeat":"repeat","background-position":"center center","background-size":"auto","background-attachment":"scroll","background-type":"","background-media":"","overlay-type":"","overlay-color":"","overlay-opacity":"","overlay-gradient":""},"mobile":{"background-color":"","background-image":"","background-repeat":"repeat","background-position":"center center","background-size":"auto","background-attachment":"scroll","background-type":"","background-media":"","overlay-type":"","overlay-color":"","overlay-opacity":"","overlay-gradient":""}},"ast-content-background-meta":{"desktop":{"background-color":"var(--ast-global-color-5)","background-image":"","background-repeat":"repeat","background-position":"center center","background-size":"auto","background-attachment":"scroll","background-type":"","background-media":"","overlay-type":"","overlay-color":"","overlay-opacity":"","overlay-gradient":""},"tablet":{"background-color":"var(--ast-global-color-5)","background-image":"","background-repeat":"repeat","background-position":"center center","background-size":"auto","background-attachment":"scroll","background-type":"","background-media":"","overlay-type":"","overlay-color":"","overlay-opacity":"","overlay-gradient":""},"mobile":{"background-color":"var(--ast-global-color-5)","background-image":"","background-repeat":"repeat","background-position":"center center","background-size":"auto","background-attachment":"scroll","background-type":"","background-media":"","overlay-type":"","overlay-color":"","overlay-opacity":"","overlay-gradient":""}},"footnotes":""},"categories":[1],"tags":[],"class_list":["post-2648","post","type-post","status-publish","format-standard","hentry","category-sem-categoria"],"_links":{"self":[{"href":"https:\/\/marcelcolares.adv.br\/index.php?rest_route=\/wp\/v2\/posts\/2648","targetHints":{"allow":["GET"]}}],"collection":[{"href":"https:\/\/marcelcolares.adv.br\/index.php?rest_route=\/wp\/v2\/posts"}],"about":[{"href":"https:\/\/marcelcolares.adv.br\/index.php?rest_route=\/wp\/v2\/types\/post"}],"author":[{"embeddable":true,"href":"https:\/\/marcelcolares.adv.br\/index.php?rest_route=\/wp\/v2\/users\/1"}],"replies":[{"embeddable":true,"href":"https:\/\/marcelcolares.adv.br\/index.php?rest_route=%2Fwp%2Fv2%2Fcomments&post=2648"}],"version-history":[{"count":3,"href":"https:\/\/marcelcolares.adv.br\/index.php?rest_route=\/wp\/v2\/posts\/2648\/revisions"}],"predecessor-version":[{"id":2655,"href":"https:\/\/marcelcolares.adv.br\/index.php?rest_route=\/wp\/v2\/posts\/2648\/revisions\/2655"}],"wp:attachment":[{"href":"https:\/\/marcelcolares.adv.br\/index.php?rest_route=%2Fwp%2Fv2%2Fmedia&parent=2648"}],"wp:term":[{"taxonomy":"category","embeddable":true,"href":"https:\/\/marcelcolares.adv.br\/index.php?rest_route=%2Fwp%2Fv2%2Fcategories&post=2648"},{"taxonomy":"post_tag","embeddable":true,"href":"https:\/\/marcelcolares.adv.br\/index.php?rest_route=%2Fwp%2Fv2%2Ftags&post=2648"}],"curies":[{"name":"wp","href":"https:\/\/api.w.org\/{rel}","templated":true}]}}