{"id":3310,"date":"2024-07-19T17:45:18","date_gmt":"2024-07-19T20:45:18","guid":{"rendered":"https:\/\/marcelcolares.adv.br\/?p=3310"},"modified":"2024-10-01T17:49:33","modified_gmt":"2024-10-01T20:49:33","slug":"prazo-de-decadencia-no-direito-tributario-o-que-e","status":"publish","type":"post","link":"https:\/\/marcelcolares.adv.br\/?p=3310","title":{"rendered":"PRAZO DE DECAD\u00caNCIA NO DIREITO TRIBUT\u00c1RIO: O QUE \u00c9?"},"content":{"rendered":"<p>Uma das causas da extin\u00e7\u00e3o do cr\u00e9dito tribut\u00e1rio \u00e9 a decad\u00eancia, ou seja, o prazo para que o Fisco pratique o lan\u00e7amento.<\/p>\n<p>\u00c9 a perda do direito de lan\u00e7ar ou de constituir o cr\u00e9dito tribut\u00e1rio pelo decurso do prazo de cinco anos.<\/p>\n<p>Existem situa\u00e7\u00f5es em que o pr\u00f3prio contribuinte \u00e9 respons\u00e1vel por calcular e pagar o valor devido ao Fisco, sem necessidade de pr\u00e9vio lan\u00e7amento pela autoridade tribut\u00e1ria.<\/p>\n<p>Um exemplo \u00e9 o Imposto de Renda Pessoa F\u00edsica (IRPF).<\/p>\n<p>Nesses casos, a contagem do prazo decadencial deve observar duas situa\u00e7\u00f5es:<\/p>\n<p>1 \u2013 Pagamento pelo contribuinte:<\/p>\n<p>Caso o contribuinte efetue algum pagamento referente ao tributo, o prazo de cinco anos \u00e9 contado a partir da data do fato gerador.<\/p>\n<p>Isso significa que o in\u00edcio da contagem \u00e9 determinado pelo momento em que o tributo deveria ser pago, conforme a legisla\u00e7\u00e3o tribut\u00e1ria aplic\u00e1vel.<\/p>\n<p>2 \u2013 Sem declara\u00e7\u00e3o ou pagamento:<\/p>\n<p>Caso n\u00e3o haja declara\u00e7\u00e3o ou pagamento pelo contribuinte, o prazo de cinco anos \u00e9 contado a partir do primeiro dia do exerc\u00edcio seguinte \u00e0quele em que o lan\u00e7amento deveria ter sido efetuado pelo Fisco.<\/p>\n<p>Em resumo, a decad\u00eancia assegura um limite temporal para que o Fisco possa constituir o cr\u00e9dito tribut\u00e1rio.<\/p>\n<p>Esse prazo, geralmente iniciado no primeiro dia do ano seguinte ao fato gerador, visa garantir a seguran\u00e7a jur\u00eddica e evitar a cobran\u00e7a de tributos de forma indefinida.<\/p>\n<p>Siga o nosso perfil e fique por dentro dos seus direitos tribut\u00e1rios!<\/p>\n<p><a class=\"x1i10hfl xjbqb8w x1ejq31n xd10rxx x1sy0etr x17r0tee x972fbf xcfux6l x1qhh985 xm0m39n x9f619 x1ypdohk xt0psk2 xe8uvvx xdj266r x11i5rnm xat24cr x1mh8g0r xexx8yu x4uap5 x18d9i69 xkhd6sd x16tdsg8 x1hl2dhg xggy1nq x1a2a7pz  _aa9_ _a6hd\" tabindex=\"0\" role=\"link\" href=\"https:\/\/www.instagram.com\/explore\/tags\/direitotribut%C3%A1rio\/\">#direitotribut\u00e1rio<\/a>\u00a0<a class=\"x1i10hfl xjbqb8w x1ejq31n xd10rxx x1sy0etr x17r0tee x972fbf xcfux6l x1qhh985 xm0m39n x9f619 x1ypdohk xt0psk2 xe8uvvx xdj266r x11i5rnm xat24cr x1mh8g0r xexx8yu x4uap5 x18d9i69 xkhd6sd x16tdsg8 x1hl2dhg xggy1nq x1a2a7pz  _aa9_ _a6hd\" tabindex=\"0\" role=\"link\" href=\"https:\/\/www.instagram.com\/explore\/tags\/decad%C3%AAnciatribut%C3%A1ria\/\">#decad\u00eanciatribut\u00e1ria<\/a>\u00a0<a class=\"x1i10hfl xjbqb8w x1ejq31n xd10rxx x1sy0etr x17r0tee x972fbf xcfux6l x1qhh985 xm0m39n x9f619 x1ypdohk xt0psk2 xe8uvvx xdj266r x11i5rnm xat24cr x1mh8g0r xexx8yu x4uap5 x18d9i69 xkhd6sd x16tdsg8 x1hl2dhg xggy1nq x1a2a7pz  _aa9_ _a6hd\" tabindex=\"0\" role=\"link\" href=\"https:\/\/www.instagram.com\/explore\/tags\/cr%C3%A9ditotribut%C3%A1rio\/\">#cr\u00e9ditotribut\u00e1rio<\/a>\u00a0<a class=\"x1i10hfl xjbqb8w x1ejq31n xd10rxx x1sy0etr x17r0tee x972fbf xcfux6l x1qhh985 xm0m39n x9f619 x1ypdohk xt0psk2 xe8uvvx xdj266r x11i5rnm xat24cr x1mh8g0r xexx8yu x4uap5 x18d9i69 xkhd6sd x16tdsg8 x1hl2dhg xggy1nq x1a2a7pz  _aa9_ _a6hd\" tabindex=\"0\" role=\"link\" href=\"https:\/\/www.instagram.com\/explore\/tags\/estado\/\">#estado<\/a>\u00a0<a class=\"x1i10hfl xjbqb8w x1ejq31n xd10rxx x1sy0etr x17r0tee x972fbf xcfux6l x1qhh985 xm0m39n x9f619 x1ypdohk xt0psk2 xe8uvvx xdj266r x11i5rnm xat24cr x1mh8g0r xexx8yu x4uap5 x18d9i69 xkhd6sd x16tdsg8 x1hl2dhg xggy1nq x1a2a7pz  _aa9_ _a6hd\" tabindex=\"0\" role=\"link\" href=\"https:\/\/www.instagram.com\/explore\/tags\/cobran%C3%A7as\/\">#cobran\u00e7as<\/a>\u00a0<a class=\"x1i10hfl xjbqb8w x1ejq31n xd10rxx x1sy0etr x17r0tee x972fbf xcfux6l x1qhh985 xm0m39n x9f619 x1ypdohk xt0psk2 xe8uvvx xdj266r x11i5rnm xat24cr x1mh8g0r xexx8yu x4uap5 x18d9i69 xkhd6sd x16tdsg8 x1hl2dhg xggy1nq x1a2a7pz  _aa9_ _a6hd\" tabindex=\"0\" role=\"link\" href=\"https:\/\/www.instagram.com\/explore\/tags\/tributos\/\">#tributos<\/a>\u00a0<a class=\"x1i10hfl xjbqb8w x1ejq31n xd10rxx x1sy0etr x17r0tee x972fbf xcfux6l x1qhh985 xm0m39n x9f619 x1ypdohk xt0psk2 xe8uvvx xdj266r x11i5rnm xat24cr x1mh8g0r xexx8yu x4uap5 x18d9i69 xkhd6sd x16tdsg8 x1hl2dhg xggy1nq x1a2a7pz  _aa9_ _a6hd\" tabindex=\"0\" role=\"link\" href=\"https:\/\/www.instagram.com\/explore\/tags\/dicasjur%C3%ADdicas\/\">#dicasjur\u00eddicas<\/a><\/p>\n","protected":false},"excerpt":{"rendered":"<p>Uma das causas da extin\u00e7\u00e3o do cr\u00e9dito tribut\u00e1rio \u00e9 a decad\u00eancia, ou seja, o prazo para que o Fisco pratique o lan\u00e7amento. \u00c9 a perda do direito de lan\u00e7ar ou de constituir o cr\u00e9dito tribut\u00e1rio pelo decurso do prazo de cinco anos. Existem situa\u00e7\u00f5es em que o pr\u00f3prio contribuinte \u00e9 respons\u00e1vel por calcular e pagar o valor devido ao Fisco, sem necessidade de pr\u00e9vio lan\u00e7amento pela autoridade tribut\u00e1ria. Um exemplo \u00e9 o Imposto de Renda Pessoa F\u00edsica (IRPF). Nesses casos, a contagem do prazo decadencial deve observar duas situa\u00e7\u00f5es: 1 \u2013 Pagamento pelo contribuinte: Caso o contribuinte efetue algum pagamento referente ao tributo, o prazo de cinco anos \u00e9 contado a partir da data do fato gerador. Isso significa que o in\u00edcio da contagem \u00e9 determinado pelo momento em que o tributo deveria ser pago, conforme a legisla\u00e7\u00e3o tribut\u00e1ria aplic\u00e1vel. 2 \u2013 Sem declara\u00e7\u00e3o ou pagamento: Caso n\u00e3o haja declara\u00e7\u00e3o ou pagamento pelo contribuinte, o prazo de cinco anos \u00e9 contado a partir do primeiro dia do exerc\u00edcio seguinte \u00e0quele em que o lan\u00e7amento deveria ter sido efetuado pelo Fisco. Em resumo, a decad\u00eancia assegura um limite temporal para que o Fisco possa constituir o cr\u00e9dito tribut\u00e1rio. Esse prazo, geralmente iniciado no primeiro dia do ano seguinte ao fato gerador, visa garantir a seguran\u00e7a jur\u00eddica e evitar a cobran\u00e7a de tributos de forma indefinida. Siga o nosso perfil e fique por dentro dos seus direitos tribut\u00e1rios! #direitotribut\u00e1rio\u00a0#decad\u00eanciatribut\u00e1ria\u00a0#cr\u00e9ditotribut\u00e1rio\u00a0#estado\u00a0#cobran\u00e7as\u00a0#tributos\u00a0#dicasjur\u00eddicas<\/p>\n","protected":false},"author":1,"featured_media":0,"comment_status":"closed","ping_status":"open","sticky":false,"template":"","format":"standard","meta":{"site-sidebar-layout":"default","site-content-layout":"","ast-site-content-layout":"default","site-content-style":"default","site-sidebar-style":"default","ast-global-header-display":"","ast-banner-title-visibility":"","ast-main-header-display":"","ast-hfb-above-header-display":"","ast-hfb-below-header-display":"","ast-hfb-mobile-header-display":"","site-post-title":"","ast-breadcrumbs-content":"","ast-featured-img":"","footer-sml-layout":"","ast-disable-related-posts":"","theme-transparent-header-meta":"default","adv-header-id-meta":"","stick-header-meta":"","header-above-stick-meta":"","header-main-stick-meta":"","header-below-stick-meta":"","astra-migrate-meta-layouts":"set","ast-page-background-enabled":"default","ast-page-background-meta":{"desktop":{"background-color":"var(--ast-global-color-4)","background-image":"","background-repeat":"repeat","background-position":"center center","background-size":"auto","background-attachment":"scroll","background-type":"","background-media":"","overlay-type":"","overlay-color":"","overlay-opacity":"","overlay-gradient":""},"tablet":{"background-color":"","background-image":"","background-repeat":"repeat","background-position":"center center","background-size":"auto","background-attachment":"scroll","background-type":"","background-media":"","overlay-type":"","overlay-color":"","overlay-opacity":"","overlay-gradient":""},"mobile":{"background-color":"","background-image":"","background-repeat":"repeat","background-position":"center center","background-size":"auto","background-attachment":"scroll","background-type":"","background-media":"","overlay-type":"","overlay-color":"","overlay-opacity":"","overlay-gradient":""}},"ast-content-background-meta":{"desktop":{"background-color":"var(--ast-global-color-5)","background-image":"","background-repeat":"repeat","background-position":"center center","background-size":"auto","background-attachment":"scroll","background-type":"","background-media":"","overlay-type":"","overlay-color":"","overlay-opacity":"","overlay-gradient":""},"tablet":{"background-color":"var(--ast-global-color-5)","background-image":"","background-repeat":"repeat","background-position":"center center","background-size":"auto","background-attachment":"scroll","background-type":"","background-media":"","overlay-type":"","overlay-color":"","overlay-opacity":"","overlay-gradient":""},"mobile":{"background-color":"var(--ast-global-color-5)","background-image":"","background-repeat":"repeat","background-position":"center center","background-size":"auto","background-attachment":"scroll","background-type":"","background-media":"","overlay-type":"","overlay-color":"","overlay-opacity":"","overlay-gradient":""}},"footnotes":""},"categories":[1],"tags":[],"class_list":["post-3310","post","type-post","status-publish","format-standard","hentry","category-sem-categoria"],"_links":{"self":[{"href":"https:\/\/marcelcolares.adv.br\/index.php?rest_route=\/wp\/v2\/posts\/3310","targetHints":{"allow":["GET"]}}],"collection":[{"href":"https:\/\/marcelcolares.adv.br\/index.php?rest_route=\/wp\/v2\/posts"}],"about":[{"href":"https:\/\/marcelcolares.adv.br\/index.php?rest_route=\/wp\/v2\/types\/post"}],"author":[{"embeddable":true,"href":"https:\/\/marcelcolares.adv.br\/index.php?rest_route=\/wp\/v2\/users\/1"}],"replies":[{"embeddable":true,"href":"https:\/\/marcelcolares.adv.br\/index.php?rest_route=%2Fwp%2Fv2%2Fcomments&post=3310"}],"version-history":[{"count":1,"href":"https:\/\/marcelcolares.adv.br\/index.php?rest_route=\/wp\/v2\/posts\/3310\/revisions"}],"predecessor-version":[{"id":3311,"href":"https:\/\/marcelcolares.adv.br\/index.php?rest_route=\/wp\/v2\/posts\/3310\/revisions\/3311"}],"wp:attachment":[{"href":"https:\/\/marcelcolares.adv.br\/index.php?rest_route=%2Fwp%2Fv2%2Fmedia&parent=3310"}],"wp:term":[{"taxonomy":"category","embeddable":true,"href":"https:\/\/marcelcolares.adv.br\/index.php?rest_route=%2Fwp%2Fv2%2Fcategories&post=3310"},{"taxonomy":"post_tag","embeddable":true,"href":"https:\/\/marcelcolares.adv.br\/index.php?rest_route=%2Fwp%2Fv2%2Ftags&post=3310"}],"curies":[{"name":"wp","href":"https:\/\/api.w.org\/{rel}","templated":true}]}}