{"id":3353,"date":"2024-07-20T13:27:41","date_gmt":"2024-07-20T16:27:41","guid":{"rendered":"https:\/\/marcelcolares.adv.br\/?p=3353"},"modified":"2024-10-02T13:27:45","modified_gmt":"2024-10-02T16:27:45","slug":"e-possivel-antecipar-as-ferias-do-empregado","status":"publish","type":"post","link":"https:\/\/marcelcolares.adv.br\/?p=3353","title":{"rendered":"\u00c9 POSS\u00cdVEL ANTECIPAR AS F\u00c9RIAS DO EMPREGADO?"},"content":{"rendered":"<p>Ser\u00e1 que \u00e9 poss\u00edvel antecipar as f\u00e9rias do empregado em per\u00edodos de baixa atividade comercial?<\/p>\n<p>Leia este post para descobrir!<\/p>\n<p>Primeiramente, \u00e9 importante destacar que a antecipa\u00e7\u00e3o das f\u00e9rias \u00e9 poss\u00edvel. No entanto, algumas quest\u00f5es devem ser observadas.<\/p>\n<p>De acordo com a legisla\u00e7\u00e3o, uma empresa apenas poder\u00e1 conceder f\u00e9rias ao trabalhador ap\u00f3s o t\u00e9rmino do per\u00edodo aquisitivo.<\/p>\n<p>A exce\u00e7\u00e3o ocorre quando o empregador concede f\u00e9rias coletivas a todos os empregados de uma empresa ou de determinados estabelecimentos ou setores da empresa.<\/p>\n<p>Todavia, a possibilidade de antecipa\u00e7\u00e3o das f\u00e9rias individuais foi regulamentada ap\u00f3s o mundo ser acometido pela pandemia do coronav\u00edrus.<\/p>\n<p>Visto a fragilidade financeira que a maioria das empresas enfrentavam, foi possibilitada a antecipa\u00e7\u00e3o das f\u00e9rias individuais e a concess\u00e3o de f\u00e9rias coletivas como medida trabalhista para casos de calamidade p\u00fablica.<\/p>\n<p>Portanto, a antecipa\u00e7\u00e3o das f\u00e9rias individuais \u00e9 poss\u00edvel em situa\u00e7\u00e3o de calamidade p\u00fablica.<\/p>\n<p>J\u00e1 as f\u00e9rias coletivas podem ser usufru\u00eddas em dois per\u00edodos anuais, a crit\u00e9rio do empregador.<\/p>\n<p>Seja em per\u00edodos de baixa atividade econ\u00f4mica, situa\u00e7\u00e3o de calamidade p\u00fablica ou por outro motivo.<\/p>\n<p>Ficou com alguma d\u00favida sobre o assunto?<\/p>\n<p>Entre em contato conosco, somos advogados especialistas na \u00e1rea!<\/p>\n<p><a class=\"x1i10hfl xjbqb8w x1ejq31n xd10rxx x1sy0etr x17r0tee x972fbf xcfux6l x1qhh985 xm0m39n x9f619 x1ypdohk xt0psk2 xe8uvvx xdj266r x11i5rnm xat24cr x1mh8g0r xexx8yu x4uap5 x18d9i69 xkhd6sd x16tdsg8 x1hl2dhg xggy1nq x1a2a7pz  _aa9_ _a6hd\" tabindex=\"0\" role=\"link\" href=\"https:\/\/www.instagram.com\/explore\/tags\/direitodotrabalho\/\">#direitodotrabalho<\/a>\u00a0<a class=\"x1i10hfl xjbqb8w x1ejq31n xd10rxx x1sy0etr x17r0tee x972fbf xcfux6l x1qhh985 xm0m39n x9f619 x1ypdohk xt0psk2 xe8uvvx xdj266r x11i5rnm xat24cr x1mh8g0r xexx8yu x4uap5 x18d9i69 xkhd6sd x16tdsg8 x1hl2dhg xggy1nq x1a2a7pz  _aa9_ _a6hd\" tabindex=\"0\" role=\"link\" href=\"https:\/\/www.instagram.com\/explore\/tags\/empregado\/\">#empregado<\/a>\u00a0<a class=\"x1i10hfl xjbqb8w x1ejq31n xd10rxx x1sy0etr x17r0tee x972fbf xcfux6l x1qhh985 xm0m39n x9f619 x1ypdohk xt0psk2 xe8uvvx xdj266r x11i5rnm xat24cr x1mh8g0r xexx8yu x4uap5 x18d9i69 xkhd6sd x16tdsg8 x1hl2dhg xggy1nq x1a2a7pz  _aa9_ _a6hd\" tabindex=\"0\" role=\"link\" href=\"https:\/\/www.instagram.com\/explore\/tags\/f%C3%A9rias\/\">#f\u00e9rias<\/a>\u00a0<a class=\"x1i10hfl xjbqb8w x1ejq31n xd10rxx x1sy0etr x17r0tee x972fbf xcfux6l x1qhh985 xm0m39n x9f619 x1ypdohk xt0psk2 xe8uvvx xdj266r x11i5rnm xat24cr x1mh8g0r xexx8yu x4uap5 x18d9i69 xkhd6sd x16tdsg8 x1hl2dhg xggy1nq x1a2a7pz  _aa9_ _a6hd\" tabindex=\"0\" role=\"link\" href=\"https:\/\/www.instagram.com\/explore\/tags\/antecipa%C3%A7%C3%A3odef%C3%A9rias\/\">#antecipa\u00e7\u00e3odef\u00e9rias<\/a>\u00a0<a class=\"x1i10hfl xjbqb8w x1ejq31n xd10rxx x1sy0etr x17r0tee x972fbf xcfux6l x1qhh985 xm0m39n x9f619 x1ypdohk xt0psk2 xe8uvvx xdj266r x11i5rnm xat24cr x1mh8g0r xexx8yu x4uap5 x18d9i69 xkhd6sd x16tdsg8 x1hl2dhg xggy1nq x1a2a7pz  _aa9_ _a6hd\" tabindex=\"0\" role=\"link\" href=\"https:\/\/www.instagram.com\/explore\/tags\/f%C3%A9riascoletivas\/\">#f\u00e9riascoletivas<\/a>\u00a0<a class=\"x1i10hfl xjbqb8w x1ejq31n xd10rxx x1sy0etr x17r0tee x972fbf xcfux6l x1qhh985 xm0m39n x9f619 x1ypdohk xt0psk2 xe8uvvx xdj266r x11i5rnm xat24cr x1mh8g0r xexx8yu x4uap5 x18d9i69 xkhd6sd x16tdsg8 x1hl2dhg xggy1nq x1a2a7pz  _aa9_ _a6hd\" tabindex=\"0\" role=\"link\" href=\"https:\/\/www.instagram.com\/explore\/tags\/calamidadep%C3%BAblica\/\">#calamidadep\u00fablica<\/a>\u00a0<a class=\"x1i10hfl xjbqb8w x1ejq31n xd10rxx x1sy0etr x17r0tee x972fbf xcfux6l x1qhh985 xm0m39n x9f619 x1ypdohk xt0psk2 xe8uvvx xdj266r x11i5rnm xat24cr x1mh8g0r xexx8yu x4uap5 x18d9i69 xkhd6sd x16tdsg8 x1hl2dhg xggy1nq x1a2a7pz  _aa9_ _a6hd\" tabindex=\"0\" role=\"link\" href=\"https:\/\/www.instagram.com\/explore\/tags\/empregador\/\">#empregador<\/a>\u00a0<a class=\"x1i10hfl xjbqb8w x1ejq31n xd10rxx x1sy0etr x17r0tee x972fbf xcfux6l x1qhh985 xm0m39n x9f619 x1ypdohk xt0psk2 xe8uvvx xdj266r x11i5rnm xat24cr x1mh8g0r xexx8yu x4uap5 x18d9i69 xkhd6sd x16tdsg8 x1hl2dhg xggy1nq x1a2a7pz  _aa9_ _a6hd\" tabindex=\"0\" role=\"link\" href=\"https:\/\/www.instagram.com\/explore\/tags\/sa%C3%BAdefinanceira\/\">#sa\u00fadefinanceira<\/a><\/p>\n","protected":false},"excerpt":{"rendered":"<p>Ser\u00e1 que \u00e9 poss\u00edvel antecipar as f\u00e9rias do empregado em per\u00edodos de baixa atividade comercial? Leia este post para descobrir! Primeiramente, \u00e9 importante destacar que a antecipa\u00e7\u00e3o das f\u00e9rias \u00e9 poss\u00edvel. No entanto, algumas quest\u00f5es devem ser observadas. De acordo com a legisla\u00e7\u00e3o, uma empresa apenas poder\u00e1 conceder f\u00e9rias ao trabalhador ap\u00f3s o t\u00e9rmino do per\u00edodo aquisitivo. A exce\u00e7\u00e3o ocorre quando o empregador concede f\u00e9rias coletivas a todos os empregados de uma empresa ou de determinados estabelecimentos ou setores da empresa. Todavia, a possibilidade de antecipa\u00e7\u00e3o das f\u00e9rias individuais foi regulamentada ap\u00f3s o mundo ser acometido pela pandemia do coronav\u00edrus. Visto a fragilidade financeira que a maioria das empresas enfrentavam, foi possibilitada a antecipa\u00e7\u00e3o das f\u00e9rias individuais e a concess\u00e3o de f\u00e9rias coletivas como medida trabalhista para casos de calamidade p\u00fablica. Portanto, a antecipa\u00e7\u00e3o das f\u00e9rias individuais \u00e9 poss\u00edvel em situa\u00e7\u00e3o de calamidade p\u00fablica. J\u00e1 as f\u00e9rias coletivas podem ser usufru\u00eddas em dois per\u00edodos anuais, a crit\u00e9rio do empregador. Seja em per\u00edodos de baixa atividade econ\u00f4mica, situa\u00e7\u00e3o de calamidade p\u00fablica ou por outro motivo. Ficou com alguma d\u00favida sobre o assunto? Entre em contato conosco, somos advogados especialistas na \u00e1rea! #direitodotrabalho\u00a0#empregado\u00a0#f\u00e9rias\u00a0#antecipa\u00e7\u00e3odef\u00e9rias\u00a0#f\u00e9riascoletivas\u00a0#calamidadep\u00fablica\u00a0#empregador\u00a0#sa\u00fadefinanceira<\/p>\n","protected":false},"author":1,"featured_media":0,"comment_status":"closed","ping_status":"open","sticky":false,"template":"","format":"standard","meta":{"site-sidebar-layout":"default","site-content-layout":"","ast-site-content-layout":"default","site-content-style":"default","site-sidebar-style":"default","ast-global-header-display":"","ast-banner-title-visibility":"","ast-main-header-display":"","ast-hfb-above-header-display":"","ast-hfb-below-header-display":"","ast-hfb-mobile-header-display":"","site-post-title":"","ast-breadcrumbs-content":"","ast-featured-img":"","footer-sml-layout":"","ast-disable-related-posts":"","theme-transparent-header-meta":"default","adv-header-id-meta":"","stick-header-meta":"","header-above-stick-meta":"","header-main-stick-meta":"","header-below-stick-meta":"","astra-migrate-meta-layouts":"set","ast-page-background-enabled":"default","ast-page-background-meta":{"desktop":{"background-color":"var(--ast-global-color-4)","background-image":"","background-repeat":"repeat","background-position":"center center","background-size":"auto","background-attachment":"scroll","background-type":"","background-media":"","overlay-type":"","overlay-color":"","overlay-opacity":"","overlay-gradient":""},"tablet":{"background-color":"","background-image":"","background-repeat":"repeat","background-position":"center center","background-size":"auto","background-attachment":"scroll","background-type":"","background-media":"","overlay-type":"","overlay-color":"","overlay-opacity":"","overlay-gradient":""},"mobile":{"background-color":"","background-image":"","background-repeat":"repeat","background-position":"center center","background-size":"auto","background-attachment":"scroll","background-type":"","background-media":"","overlay-type":"","overlay-color":"","overlay-opacity":"","overlay-gradient":""}},"ast-content-background-meta":{"desktop":{"background-color":"var(--ast-global-color-5)","background-image":"","background-repeat":"repeat","background-position":"center center","background-size":"auto","background-attachment":"scroll","background-type":"","background-media":"","overlay-type":"","overlay-color":"","overlay-opacity":"","overlay-gradient":""},"tablet":{"background-color":"var(--ast-global-color-5)","background-image":"","background-repeat":"repeat","background-position":"center center","background-size":"auto","background-attachment":"scroll","background-type":"","background-media":"","overlay-type":"","overlay-color":"","overlay-opacity":"","overlay-gradient":""},"mobile":{"background-color":"var(--ast-global-color-5)","background-image":"","background-repeat":"repeat","background-position":"center center","background-size":"auto","background-attachment":"scroll","background-type":"","background-media":"","overlay-type":"","overlay-color":"","overlay-opacity":"","overlay-gradient":""}},"footnotes":""},"categories":[1],"tags":[],"class_list":["post-3353","post","type-post","status-publish","format-standard","hentry","category-sem-categoria"],"_links":{"self":[{"href":"https:\/\/marcelcolares.adv.br\/index.php?rest_route=\/wp\/v2\/posts\/3353","targetHints":{"allow":["GET"]}}],"collection":[{"href":"https:\/\/marcelcolares.adv.br\/index.php?rest_route=\/wp\/v2\/posts"}],"about":[{"href":"https:\/\/marcelcolares.adv.br\/index.php?rest_route=\/wp\/v2\/types\/post"}],"author":[{"embeddable":true,"href":"https:\/\/marcelcolares.adv.br\/index.php?rest_route=\/wp\/v2\/users\/1"}],"replies":[{"embeddable":true,"href":"https:\/\/marcelcolares.adv.br\/index.php?rest_route=%2Fwp%2Fv2%2Fcomments&post=3353"}],"version-history":[{"count":1,"href":"https:\/\/marcelcolares.adv.br\/index.php?rest_route=\/wp\/v2\/posts\/3353\/revisions"}],"predecessor-version":[{"id":3354,"href":"https:\/\/marcelcolares.adv.br\/index.php?rest_route=\/wp\/v2\/posts\/3353\/revisions\/3354"}],"wp:attachment":[{"href":"https:\/\/marcelcolares.adv.br\/index.php?rest_route=%2Fwp%2Fv2%2Fmedia&parent=3353"}],"wp:term":[{"taxonomy":"category","embeddable":true,"href":"https:\/\/marcelcolares.adv.br\/index.php?rest_route=%2Fwp%2Fv2%2Fcategories&post=3353"},{"taxonomy":"post_tag","embeddable":true,"href":"https:\/\/marcelcolares.adv.br\/index.php?rest_route=%2Fwp%2Fv2%2Ftags&post=3353"}],"curies":[{"name":"wp","href":"https:\/\/api.w.org\/{rel}","templated":true}]}}