{"id":3471,"date":"2024-04-15T14:27:08","date_gmt":"2024-04-15T17:27:08","guid":{"rendered":"https:\/\/marcelcolares.adv.br\/?p=3471"},"modified":"2024-10-03T14:44:09","modified_gmt":"2024-10-03T17:44:09","slug":"motorista-sera-indenizado-por-bloqueio-de-cnh","status":"publish","type":"post","link":"https:\/\/marcelcolares.adv.br\/?p=3471","title":{"rendered":"MOTORISTA SER\u00c1 INDENIZADO POR BLOQUEIO DE CNH!"},"content":{"rendered":"<p>Um motorista foi prejudicado ao ter sua CNH bloqueada por 1 ano e 9 meses, ficando impossibilitado de dirigir por esse per\u00edodo.<\/p>\n<p>O homem mencionou que ap\u00f3s solicitar o processo de renova\u00e7\u00e3o da sua CNH, ela foi bloqueada erroneamente sem qualquer justificativa.<\/p>\n<p>Assim, ele ficou sem poder dirigir por 21 meses, enquanto aguardava o recebimento do documento definitivo.<\/p>\n<p>Na tentativa de defesa, o Detran\/DF, respons\u00e1vel pelo bloqueio, afirmou que a demora na entrega ocorreu por falha no sistema, que est\u00e1 passando por melhorias.<\/p>\n<p>Contudo, o ju\u00edzo respons\u00e1vel n\u00e3o acatou a defesa e argumentou que houve falha na presta\u00e7\u00e3o do servi\u00e7o, ferindo os direitos do motorista.<\/p>\n<p>Logo, foi estabelecido o pagamento de R$ 2 mil reais de indeniza\u00e7\u00e3o por danos morais.<\/p>\n<p>Siga nosso perfil para acompanhar mais casos como esse!<\/p>\n<p>Em caso de d\u00favidas, inclusive com um colaborador seu, entre em contato conosco!<\/p>\n<p><a class=\"x1i10hfl xjbqb8w x1ejq31n xd10rxx x1sy0etr x17r0tee x972fbf xcfux6l x1qhh985 xm0m39n x9f619 x1ypdohk xt0psk2 xe8uvvx xdj266r x11i5rnm xat24cr x1mh8g0r xexx8yu x4uap5 x18d9i69 xkhd6sd x16tdsg8 x1hl2dhg xggy1nq x1a2a7pz  _aa9_ _a6hd\" tabindex=\"0\" role=\"link\" href=\"https:\/\/www.instagram.com\/explore\/tags\/direitocivil\/\">#direitocivil<\/a>\u00a0<a class=\"x1i10hfl xjbqb8w x1ejq31n xd10rxx x1sy0etr x17r0tee x972fbf xcfux6l x1qhh985 xm0m39n x9f619 x1ypdohk xt0psk2 xe8uvvx xdj266r x11i5rnm xat24cr x1mh8g0r xexx8yu x4uap5 x18d9i69 xkhd6sd x16tdsg8 x1hl2dhg xggy1nq x1a2a7pz  _aa9_ _a6hd\" tabindex=\"0\" role=\"link\" href=\"https:\/\/www.instagram.com\/explore\/tags\/indeniza%C3%A7%C3%A3o\/\">#indeniza\u00e7\u00e3o<\/a>\u00a0<a class=\"x1i10hfl xjbqb8w x1ejq31n xd10rxx x1sy0etr x17r0tee x972fbf xcfux6l x1qhh985 xm0m39n x9f619 x1ypdohk xt0psk2 xe8uvvx xdj266r x11i5rnm xat24cr x1mh8g0r xexx8yu x4uap5 x18d9i69 xkhd6sd x16tdsg8 x1hl2dhg xggy1nq x1a2a7pz  _aa9_ _a6hd\" tabindex=\"0\" role=\"link\" href=\"https:\/\/www.instagram.com\/explore\/tags\/danosmorais\/\">#danosmorais<\/a>\u00a0<a class=\"x1i10hfl xjbqb8w x1ejq31n xd10rxx x1sy0etr x17r0tee x972fbf xcfux6l x1qhh985 xm0m39n x9f619 x1ypdohk xt0psk2 xe8uvvx xdj266r x11i5rnm xat24cr x1mh8g0r xexx8yu x4uap5 x18d9i69 xkhd6sd x16tdsg8 x1hl2dhg xggy1nq x1a2a7pz  _aa9_ _a6hd\" tabindex=\"0\" role=\"link\" href=\"https:\/\/www.instagram.com\/explore\/tags\/detran\/\">#DETRAN<\/a>\u00a0<a class=\"x1i10hfl xjbqb8w x1ejq31n xd10rxx x1sy0etr x17r0tee x972fbf xcfux6l x1qhh985 xm0m39n x9f619 x1ypdohk xt0psk2 xe8uvvx xdj266r x11i5rnm xat24cr x1mh8g0r xexx8yu x4uap5 x18d9i69 xkhd6sd x16tdsg8 x1hl2dhg xggy1nq x1a2a7pz  _aa9_ _a6hd\" tabindex=\"0\" role=\"link\" href=\"https:\/\/www.instagram.com\/explore\/tags\/cnh\/\">#CNH<\/a><\/p>\n","protected":false},"excerpt":{"rendered":"<p>Um motorista foi prejudicado ao ter sua CNH bloqueada por 1 ano e 9 meses, ficando impossibilitado de dirigir por esse per\u00edodo. O homem mencionou que ap\u00f3s solicitar o processo de renova\u00e7\u00e3o da sua CNH, ela foi bloqueada erroneamente sem qualquer justificativa. Assim, ele ficou sem poder dirigir por 21 meses, enquanto aguardava o recebimento do documento definitivo. Na tentativa de defesa, o Detran\/DF, respons\u00e1vel pelo bloqueio, afirmou que a demora na entrega ocorreu por falha no sistema, que est\u00e1 passando por melhorias. Contudo, o ju\u00edzo respons\u00e1vel n\u00e3o acatou a defesa e argumentou que houve falha na presta\u00e7\u00e3o do servi\u00e7o, ferindo os direitos do motorista. Logo, foi estabelecido o pagamento de R$ 2 mil reais de indeniza\u00e7\u00e3o por danos morais. Siga nosso perfil para acompanhar mais casos como esse! Em caso de d\u00favidas, inclusive com um colaborador seu, entre em contato conosco! #direitocivil\u00a0#indeniza\u00e7\u00e3o\u00a0#danosmorais\u00a0#DETRAN\u00a0#CNH<\/p>\n","protected":false},"author":1,"featured_media":0,"comment_status":"closed","ping_status":"open","sticky":false,"template":"","format":"standard","meta":{"site-sidebar-layout":"default","site-content-layout":"","ast-site-content-layout":"default","site-content-style":"default","site-sidebar-style":"default","ast-global-header-display":"","ast-banner-title-visibility":"","ast-main-header-display":"","ast-hfb-above-header-display":"","ast-hfb-below-header-display":"","ast-hfb-mobile-header-display":"","site-post-title":"","ast-breadcrumbs-content":"","ast-featured-img":"","footer-sml-layout":"","ast-disable-related-posts":"","theme-transparent-header-meta":"default","adv-header-id-meta":"","stick-header-meta":"","header-above-stick-meta":"","header-main-stick-meta":"","header-below-stick-meta":"","astra-migrate-meta-layouts":"set","ast-page-background-enabled":"default","ast-page-background-meta":{"desktop":{"background-color":"var(--ast-global-color-4)","background-image":"","background-repeat":"repeat","background-position":"center center","background-size":"auto","background-attachment":"scroll","background-type":"","background-media":"","overlay-type":"","overlay-color":"","overlay-opacity":"","overlay-gradient":""},"tablet":{"background-color":"","background-image":"","background-repeat":"repeat","background-position":"center center","background-size":"auto","background-attachment":"scroll","background-type":"","background-media":"","overlay-type":"","overlay-color":"","overlay-opacity":"","overlay-gradient":""},"mobile":{"background-color":"","background-image":"","background-repeat":"repeat","background-position":"center center","background-size":"auto","background-attachment":"scroll","background-type":"","background-media":"","overlay-type":"","overlay-color":"","overlay-opacity":"","overlay-gradient":""}},"ast-content-background-meta":{"desktop":{"background-color":"var(--ast-global-color-5)","background-image":"","background-repeat":"repeat","background-position":"center center","background-size":"auto","background-attachment":"scroll","background-type":"","background-media":"","overlay-type":"","overlay-color":"","overlay-opacity":"","overlay-gradient":""},"tablet":{"background-color":"var(--ast-global-color-5)","background-image":"","background-repeat":"repeat","background-position":"center center","background-size":"auto","background-attachment":"scroll","background-type":"","background-media":"","overlay-type":"","overlay-color":"","overlay-opacity":"","overlay-gradient":""},"mobile":{"background-color":"var(--ast-global-color-5)","background-image":"","background-repeat":"repeat","background-position":"center center","background-size":"auto","background-attachment":"scroll","background-type":"","background-media":"","overlay-type":"","overlay-color":"","overlay-opacity":"","overlay-gradient":""}},"footnotes":""},"categories":[1],"tags":[],"class_list":["post-3471","post","type-post","status-publish","format-standard","hentry","category-sem-categoria"],"_links":{"self":[{"href":"https:\/\/marcelcolares.adv.br\/index.php?rest_route=\/wp\/v2\/posts\/3471","targetHints":{"allow":["GET"]}}],"collection":[{"href":"https:\/\/marcelcolares.adv.br\/index.php?rest_route=\/wp\/v2\/posts"}],"about":[{"href":"https:\/\/marcelcolares.adv.br\/index.php?rest_route=\/wp\/v2\/types\/post"}],"author":[{"embeddable":true,"href":"https:\/\/marcelcolares.adv.br\/index.php?rest_route=\/wp\/v2\/users\/1"}],"replies":[{"embeddable":true,"href":"https:\/\/marcelcolares.adv.br\/index.php?rest_route=%2Fwp%2Fv2%2Fcomments&post=3471"}],"version-history":[{"count":1,"href":"https:\/\/marcelcolares.adv.br\/index.php?rest_route=\/wp\/v2\/posts\/3471\/revisions"}],"predecessor-version":[{"id":3472,"href":"https:\/\/marcelcolares.adv.br\/index.php?rest_route=\/wp\/v2\/posts\/3471\/revisions\/3472"}],"wp:attachment":[{"href":"https:\/\/marcelcolares.adv.br\/index.php?rest_route=%2Fwp%2Fv2%2Fmedia&parent=3471"}],"wp:term":[{"taxonomy":"category","embeddable":true,"href":"https:\/\/marcelcolares.adv.br\/index.php?rest_route=%2Fwp%2Fv2%2Fcategories&post=3471"},{"taxonomy":"post_tag","embeddable":true,"href":"https:\/\/marcelcolares.adv.br\/index.php?rest_route=%2Fwp%2Fv2%2Ftags&post=3471"}],"curies":[{"name":"wp","href":"https:\/\/api.w.org\/{rel}","templated":true}]}}