{"id":3531,"date":"2024-03-14T15:32:12","date_gmt":"2024-03-14T18:32:12","guid":{"rendered":"https:\/\/marcelcolares.adv.br\/?p=3531"},"modified":"2024-10-03T15:34:19","modified_gmt":"2024-10-03T18:34:19","slug":"a-gestao-ambiental-e-obrigatoria-nas-empresas","status":"publish","type":"post","link":"https:\/\/marcelcolares.adv.br\/?p=3531","title":{"rendered":"A GEST\u00c3O AMBIENTAL \u00c9 OBRIGAT\u00d3RIA NAS EMPRESAS?"},"content":{"rendered":"<p>O tema ambiental, especialmente nas \u00faltimas d\u00e9cadas, vem ganhando cada vez mais protagonismo nos cen\u00e1rios internacional e nacional.<\/p>\n<p>Por isso, os empreendimentos precisam estar atentos a uma s\u00e9rie de fatores que podem impactar o desenvolvimento de suas atividades.<\/p>\n<p>Entre eles, est\u00e1 a preocupa\u00e7\u00e3o acerca da obrigatoriedade (ou n\u00e3o) de uma gest\u00e3o ambiental, que vem \u00e0 tona nos debates empresariais.<\/p>\n<p>Para responder essa d\u00favida, \u00e9 importante destacar que a legisla\u00e7\u00e3o brasileira \u00e9 muito extensa no que diz respeito \u00e0s quest\u00f5es ambientais.<\/p>\n<p>Existem in\u00fameros decretos e leis que garantem a prote\u00e7\u00e3o do meio ambiente.<\/p>\n<p>Por isso, n\u00e3o existe uma resposta simples ou f\u00e1cil.<\/p>\n<p>Mas \u00e9 claro que uma gest\u00e3o ambiental qualificada tem muito a contribuir com toda a atividade, implementando um sistema de melhorias que vai muito al\u00e9m do dia a dia.<\/p>\n<p>Veja algumas que \u00e9 interessante ressaltar:<\/p>\n<p>1 \u2013 Redu\u00e7\u00e3o de acidentes e riscos ambientais;<\/p>\n<p>2 \u2013 Melhoria no uso energ\u00e9tico e de materiais;<\/p>\n<p>3 \u2013 Otimiza\u00e7\u00e3o no uso de mat\u00e9rias-primas.<\/p>\n<p>4 \u2013 Cumprimento de toda a legisla\u00e7\u00e3o ambiental pertinente;<\/p>\n<p>5 \u2013 Busca por selos de qualidade nacionais e internacionais;<\/p>\n<p>6 \u2013 Treinamento de funcion\u00e1rios;<\/p>\n<p>7 \u2013 Obten\u00e7\u00e3o de financiamentos a partir de institui\u00e7\u00f5es que exigem pr\u00e1ticas ambientais corretas;<\/p>\n<p>7 \u2013 Destina\u00e7\u00e3o de res\u00edduos.<\/p>\n<p>A obrigatoriedade de gest\u00e3o ambiental \u00e9 regra para certos segmentos, a depender dos tipos de adequa\u00e7\u00e3o.<\/p>\n<p>Por exemplo, aqueles empreendimentos que precisam estar a par do Plano de Gerenciamento de Res\u00edduos S\u00f3lidos (PGRS), sob pena de multas muito graves.<\/p>\n<p>Para cumprir com todos os requisitos necess\u00e1rios, busque orienta\u00e7\u00e3o qualificada, que contribua para a melhoria ou cria\u00e7\u00e3o do seu plano de gest\u00e3o ambiental! Contate-nos!!<\/p>\n<p><a class=\"x1i10hfl xjbqb8w x1ejq31n xd10rxx x1sy0etr x17r0tee x972fbf xcfux6l x1qhh985 xm0m39n x9f619 x1ypdohk xt0psk2 xe8uvvx xdj266r x11i5rnm xat24cr x1mh8g0r xexx8yu x4uap5 x18d9i69 xkhd6sd x16tdsg8 x1hl2dhg xggy1nq x1a2a7pz  _aa9_ _a6hd\" tabindex=\"0\" role=\"link\" href=\"https:\/\/www.instagram.com\/explore\/tags\/direitoambiental\/\">#direitoambiental<\/a>\u00a0<a class=\"x1i10hfl xjbqb8w x1ejq31n xd10rxx x1sy0etr x17r0tee x972fbf xcfux6l x1qhh985 xm0m39n x9f619 x1ypdohk xt0psk2 xe8uvvx xdj266r x11i5rnm xat24cr x1mh8g0r xexx8yu x4uap5 x18d9i69 xkhd6sd x16tdsg8 x1hl2dhg xggy1nq x1a2a7pz  _aa9_ _a6hd\" tabindex=\"0\" role=\"link\" href=\"https:\/\/www.instagram.com\/explore\/tags\/meioambiente\/\">#meioambiente<\/a>\u00a0<a class=\"x1i10hfl xjbqb8w x1ejq31n xd10rxx x1sy0etr x17r0tee x972fbf xcfux6l x1qhh985 xm0m39n x9f619 x1ypdohk xt0psk2 xe8uvvx xdj266r x11i5rnm xat24cr x1mh8g0r xexx8yu x4uap5 x18d9i69 xkhd6sd x16tdsg8 x1hl2dhg xggy1nq x1a2a7pz  _aa9_ _a6hd\" tabindex=\"0\" role=\"link\" href=\"https:\/\/www.instagram.com\/explore\/tags\/gest%C3%A3oambiental\/\">#gest\u00e3oambiental<\/a>\u00a0<a class=\"x1i10hfl xjbqb8w x1ejq31n xd10rxx x1sy0etr x17r0tee x972fbf xcfux6l x1qhh985 xm0m39n x9f619 x1ypdohk xt0psk2 xe8uvvx xdj266r x11i5rnm xat24cr x1mh8g0r xexx8yu x4uap5 x18d9i69 xkhd6sd x16tdsg8 x1hl2dhg xggy1nq x1a2a7pz  _aa9_ _a6hd\" tabindex=\"0\" role=\"link\" href=\"https:\/\/www.instagram.com\/explore\/tags\/gest%C3%A3oecol%C3%B3gica\/\">#gest\u00e3oecol\u00f3gica<\/a>\u00a0<a class=\"x1i10hfl xjbqb8w x1ejq31n xd10rxx x1sy0etr x17r0tee x972fbf xcfux6l x1qhh985 xm0m39n x9f619 x1ypdohk xt0psk2 xe8uvvx xdj266r x11i5rnm xat24cr x1mh8g0r xexx8yu x4uap5 x18d9i69 xkhd6sd x16tdsg8 x1hl2dhg xggy1nq x1a2a7pz  _aa9_ _a6hd\" tabindex=\"0\" role=\"link\" href=\"https:\/\/www.instagram.com\/explore\/tags\/interdisciplinaridade\/\">#interdisciplinaridade<\/a>\u00a0<a class=\"x1i10hfl xjbqb8w x1ejq31n xd10rxx x1sy0etr x17r0tee x972fbf xcfux6l x1qhh985 xm0m39n x9f619 x1ypdohk xt0psk2 xe8uvvx xdj266r x11i5rnm xat24cr x1mh8g0r xexx8yu x4uap5 x18d9i69 xkhd6sd x16tdsg8 x1hl2dhg xggy1nq x1a2a7pz  _aa9_ _a6hd\" tabindex=\"0\" role=\"link\" href=\"https:\/\/www.instagram.com\/explore\/tags\/advocaciaambiental\/\">#advocaciaambiental<\/a><\/p>\n","protected":false},"excerpt":{"rendered":"<p>O tema ambiental, especialmente nas \u00faltimas d\u00e9cadas, vem ganhando cada vez mais protagonismo nos cen\u00e1rios internacional e nacional. Por isso, os empreendimentos precisam estar atentos a uma s\u00e9rie de fatores que podem impactar o desenvolvimento de suas atividades. Entre eles, est\u00e1 a preocupa\u00e7\u00e3o acerca da obrigatoriedade (ou n\u00e3o) de uma gest\u00e3o ambiental, que vem \u00e0 tona nos debates empresariais. Para responder essa d\u00favida, \u00e9 importante destacar que a legisla\u00e7\u00e3o brasileira \u00e9 muito extensa no que diz respeito \u00e0s quest\u00f5es ambientais. Existem in\u00fameros decretos e leis que garantem a prote\u00e7\u00e3o do meio ambiente. Por isso, n\u00e3o existe uma resposta simples ou f\u00e1cil. Mas \u00e9 claro que uma gest\u00e3o ambiental qualificada tem muito a contribuir com toda a atividade, implementando um sistema de melhorias que vai muito al\u00e9m do dia a dia. Veja algumas que \u00e9 interessante ressaltar: 1 \u2013 Redu\u00e7\u00e3o de acidentes e riscos ambientais; 2 \u2013 Melhoria no uso energ\u00e9tico e de materiais; 3 \u2013 Otimiza\u00e7\u00e3o no uso de mat\u00e9rias-primas. 4 \u2013 Cumprimento de toda a legisla\u00e7\u00e3o ambiental pertinente; 5 \u2013 Busca por selos de qualidade nacionais e internacionais; 6 \u2013 Treinamento de funcion\u00e1rios; 7 \u2013 Obten\u00e7\u00e3o de financiamentos a partir de institui\u00e7\u00f5es que exigem pr\u00e1ticas ambientais corretas; 7 \u2013 Destina\u00e7\u00e3o de res\u00edduos. A obrigatoriedade de gest\u00e3o ambiental \u00e9 regra para certos segmentos, a depender dos tipos de adequa\u00e7\u00e3o. Por exemplo, aqueles empreendimentos que precisam estar a par do Plano de Gerenciamento de Res\u00edduos S\u00f3lidos (PGRS), sob pena de multas muito graves. Para cumprir com todos os requisitos necess\u00e1rios, busque orienta\u00e7\u00e3o qualificada, que contribua para a melhoria ou cria\u00e7\u00e3o do seu plano de gest\u00e3o ambiental! Contate-nos!! #direitoambiental\u00a0#meioambiente\u00a0#gest\u00e3oambiental\u00a0#gest\u00e3oecol\u00f3gica\u00a0#interdisciplinaridade\u00a0#advocaciaambiental<\/p>\n","protected":false},"author":1,"featured_media":0,"comment_status":"closed","ping_status":"open","sticky":false,"template":"","format":"standard","meta":{"site-sidebar-layout":"default","site-content-layout":"","ast-site-content-layout":"default","site-content-style":"default","site-sidebar-style":"default","ast-global-header-display":"","ast-banner-title-visibility":"","ast-main-header-display":"","ast-hfb-above-header-display":"","ast-hfb-below-header-display":"","ast-hfb-mobile-header-display":"","site-post-title":"","ast-breadcrumbs-content":"","ast-featured-img":"","footer-sml-layout":"","ast-disable-related-posts":"","theme-transparent-header-meta":"default","adv-header-id-meta":"","stick-header-meta":"","header-above-stick-meta":"","header-main-stick-meta":"","header-below-stick-meta":"","astra-migrate-meta-layouts":"set","ast-page-background-enabled":"default","ast-page-background-meta":{"desktop":{"background-color":"var(--ast-global-color-4)","background-image":"","background-repeat":"repeat","background-position":"center center","background-size":"auto","background-attachment":"scroll","background-type":"","background-media":"","overlay-type":"","overlay-color":"","overlay-opacity":"","overlay-gradient":""},"tablet":{"background-color":"","background-image":"","background-repeat":"repeat","background-position":"center center","background-size":"auto","background-attachment":"scroll","background-type":"","background-media":"","overlay-type":"","overlay-color":"","overlay-opacity":"","overlay-gradient":""},"mobile":{"background-color":"","background-image":"","background-repeat":"repeat","background-position":"center center","background-size":"auto","background-attachment":"scroll","background-type":"","background-media":"","overlay-type":"","overlay-color":"","overlay-opacity":"","overlay-gradient":""}},"ast-content-background-meta":{"desktop":{"background-color":"var(--ast-global-color-5)","background-image":"","background-repeat":"repeat","background-position":"center center","background-size":"auto","background-attachment":"scroll","background-type":"","background-media":"","overlay-type":"","overlay-color":"","overlay-opacity":"","overlay-gradient":""},"tablet":{"background-color":"var(--ast-global-color-5)","background-image":"","background-repeat":"repeat","background-position":"center center","background-size":"auto","background-attachment":"scroll","background-type":"","background-media":"","overlay-type":"","overlay-color":"","overlay-opacity":"","overlay-gradient":""},"mobile":{"background-color":"var(--ast-global-color-5)","background-image":"","background-repeat":"repeat","background-position":"center center","background-size":"auto","background-attachment":"scroll","background-type":"","background-media":"","overlay-type":"","overlay-color":"","overlay-opacity":"","overlay-gradient":""}},"footnotes":""},"categories":[1],"tags":[],"class_list":["post-3531","post","type-post","status-publish","format-standard","hentry","category-sem-categoria"],"_links":{"self":[{"href":"https:\/\/marcelcolares.adv.br\/index.php?rest_route=\/wp\/v2\/posts\/3531","targetHints":{"allow":["GET"]}}],"collection":[{"href":"https:\/\/marcelcolares.adv.br\/index.php?rest_route=\/wp\/v2\/posts"}],"about":[{"href":"https:\/\/marcelcolares.adv.br\/index.php?rest_route=\/wp\/v2\/types\/post"}],"author":[{"embeddable":true,"href":"https:\/\/marcelcolares.adv.br\/index.php?rest_route=\/wp\/v2\/users\/1"}],"replies":[{"embeddable":true,"href":"https:\/\/marcelcolares.adv.br\/index.php?rest_route=%2Fwp%2Fv2%2Fcomments&post=3531"}],"version-history":[{"count":1,"href":"https:\/\/marcelcolares.adv.br\/index.php?rest_route=\/wp\/v2\/posts\/3531\/revisions"}],"predecessor-version":[{"id":3532,"href":"https:\/\/marcelcolares.adv.br\/index.php?rest_route=\/wp\/v2\/posts\/3531\/revisions\/3532"}],"wp:attachment":[{"href":"https:\/\/marcelcolares.adv.br\/index.php?rest_route=%2Fwp%2Fv2%2Fmedia&parent=3531"}],"wp:term":[{"taxonomy":"category","embeddable":true,"href":"https:\/\/marcelcolares.adv.br\/index.php?rest_route=%2Fwp%2Fv2%2Fcategories&post=3531"},{"taxonomy":"post_tag","embeddable":true,"href":"https:\/\/marcelcolares.adv.br\/index.php?rest_route=%2Fwp%2Fv2%2Ftags&post=3531"}],"curies":[{"name":"wp","href":"https:\/\/api.w.org\/{rel}","templated":true}]}}