{"id":3559,"date":"2024-03-04T15:57:08","date_gmt":"2024-03-04T18:57:08","guid":{"rendered":"https:\/\/marcelcolares.adv.br\/?p=3559"},"modified":"2024-10-03T15:57:55","modified_gmt":"2024-10-03T18:57:55","slug":"crimes-ambientais-corporativos-sua-empresa-pode-sofrer-consequeencias","status":"publish","type":"post","link":"https:\/\/marcelcolares.adv.br\/?p=3559","title":{"rendered":"CRIMES AMBIENTAIS CORPORATIVOS &#8211; SUA EMPRESA PODE SOFRER CONSEQUE\u00caNCIAS?"},"content":{"rendered":"<p>Os crimes ambientais t\u00eam um espa\u00e7o especial no direito criminal. Afinal, se trata da esp\u00e9cie de crime que pode penalizar uma empresa.<\/p>\n<p>A regra geral \u00e9 de que pessoas jur\u00eddicas n\u00e3o respondem pela pr\u00e1tica de delitos.<\/p>\n<p>O motivo \u00e9 muito simples: uma pessoa jur\u00eddica n\u00e3o pratica condutas por si mesma.<\/p>\n<p>No entanto, em vista da repercuss\u00e3o social t\u00e3o abrangente dos danos ambientais, o sistema criminal abriu uma exce\u00e7\u00e3o pela qual se punem as pessoas jur\u00eddicas respons\u00e1veis.<\/p>\n<p>O contexto de dano ambiental gera:<\/p>\n<p>-&gt; Responsabilidade civil (indeniza\u00e7\u00f5es);<\/p>\n<p>-&gt; Administrativa (restri\u00e7\u00f5es perante o Estado e multas);<\/p>\n<p>-&gt; Criminal, com a efetiva aplica\u00e7\u00e3o de penas.<\/p>\n<p>Sendo \u00f3bvia a impossibilidade de encarcerar uma empresa, as penas impostas nesses casos s\u00e3o relacionadas \u00e0 atividade empresarial.<\/p>\n<p>Por exemplo, a suspens\u00e3o das atividades ou a obriga\u00e7\u00e3o de custear programas e projetos ambientais.<\/p>\n<p>Al\u00e9m disso, a lei tamb\u00e9m prev\u00ea a imposi\u00e7\u00e3o de multas pesadas, bem como o dever de reparar o dano causado, quando ainda poss\u00edvel.<\/p>\n<p>Os administradores dessas organiza\u00e7\u00f5es tamb\u00e9m podem ser pessoalmente responsabilizados.<\/p>\n<p>Para isso, deve ficar demonstrada sua inten\u00e7\u00e3o consciente em causar preju\u00edzo ao meio ambiente ou sua falta de dilig\u00eancia para evit\u00e1-lo.<\/p>\n<p>Em qualquer caso, a aplica\u00e7\u00e3o da pena sempre ser\u00e1 antecedida de um processo criminal.<\/p>\n<p>Por meio dele, tanto a empresa quanto seus administradores poder\u00e3o exercer o direito de defesa.<\/p>\n<p>Mais importante do que remediar danos causados \u00e9 a ado\u00e7\u00e3o de medidas eficientes para evit\u00e1-los, sob a orienta\u00e7\u00e3o jur\u00eddica de profissionais especializados.<\/p>\n<p>Contate-nos para receber o aconselhamento adequado!<\/p>\n<p><a class=\"x1i10hfl xjbqb8w x1ejq31n xd10rxx x1sy0etr x17r0tee x972fbf xcfux6l x1qhh985 xm0m39n x9f619 x1ypdohk xt0psk2 xe8uvvx xdj266r x11i5rnm xat24cr x1mh8g0r xexx8yu x4uap5 x18d9i69 xkhd6sd x16tdsg8 x1hl2dhg xggy1nq x1a2a7pz  _aa9_ _a6hd\" tabindex=\"0\" role=\"link\" href=\"https:\/\/www.instagram.com\/explore\/tags\/ambiental\/\">#ambiental<\/a>\u00a0<a class=\"x1i10hfl xjbqb8w x1ejq31n xd10rxx x1sy0etr x17r0tee x972fbf xcfux6l x1qhh985 xm0m39n x9f619 x1ypdohk xt0psk2 xe8uvvx xdj266r x11i5rnm xat24cr x1mh8g0r xexx8yu x4uap5 x18d9i69 xkhd6sd x16tdsg8 x1hl2dhg xggy1nq x1a2a7pz  _aa9_ _a6hd\" tabindex=\"0\" role=\"link\" href=\"https:\/\/www.instagram.com\/explore\/tags\/crimesambientais\/\">#crimesambientais<\/a>\u00a0<a class=\"x1i10hfl xjbqb8w x1ejq31n xd10rxx x1sy0etr x17r0tee x972fbf xcfux6l x1qhh985 xm0m39n x9f619 x1ypdohk xt0psk2 xe8uvvx xdj266r x11i5rnm xat24cr x1mh8g0r xexx8yu x4uap5 x18d9i69 xkhd6sd x16tdsg8 x1hl2dhg xggy1nq x1a2a7pz  _aa9_ _a6hd\" tabindex=\"0\" role=\"link\" href=\"https:\/\/www.instagram.com\/explore\/tags\/empresasustent%C3%A1vel\/\">#empresasustent\u00e1vel<\/a>\u00a0<a class=\"x1i10hfl xjbqb8w x1ejq31n xd10rxx x1sy0etr x17r0tee x972fbf xcfux6l x1qhh985 xm0m39n x9f619 x1ypdohk xt0psk2 xe8uvvx xdj266r x11i5rnm xat24cr x1mh8g0r xexx8yu x4uap5 x18d9i69 xkhd6sd x16tdsg8 x1hl2dhg xggy1nq x1a2a7pz  _aa9_ _a6hd\" tabindex=\"0\" role=\"link\" href=\"https:\/\/www.instagram.com\/explore\/tags\/sustentabilidade\/\">#sustentabilidade<\/a>\u00a0<a class=\"x1i10hfl xjbqb8w x1ejq31n xd10rxx x1sy0etr x17r0tee x972fbf xcfux6l x1qhh985 xm0m39n x9f619 x1ypdohk xt0psk2 xe8uvvx xdj266r x11i5rnm xat24cr x1mh8g0r xexx8yu x4uap5 x18d9i69 xkhd6sd x16tdsg8 x1hl2dhg xggy1nq x1a2a7pz  _aa9_ _a6hd\" tabindex=\"0\" role=\"link\" href=\"https:\/\/www.instagram.com\/explore\/tags\/advocaciacriminal\/\">#advocaciacriminal<\/a>\u00a0<a class=\"x1i10hfl xjbqb8w x1ejq31n xd10rxx x1sy0etr x17r0tee x972fbf xcfux6l x1qhh985 xm0m39n x9f619 x1ypdohk xt0psk2 xe8uvvx xdj266r x11i5rnm xat24cr x1mh8g0r xexx8yu x4uap5 x18d9i69 xkhd6sd x16tdsg8 x1hl2dhg xggy1nq x1a2a7pz  _aa9_ _a6hd\" tabindex=\"0\" role=\"link\" href=\"https:\/\/www.instagram.com\/explore\/tags\/compliance\/\">#compliance<\/a>\u00a0<a class=\"x1i10hfl xjbqb8w x1ejq31n xd10rxx x1sy0etr x17r0tee x972fbf xcfux6l x1qhh985 xm0m39n x9f619 x1ypdohk xt0psk2 xe8uvvx xdj266r x11i5rnm xat24cr x1mh8g0r xexx8yu x4uap5 x18d9i69 xkhd6sd x16tdsg8 x1hl2dhg xggy1nq x1a2a7pz  _aa9_ _a6hd\" tabindex=\"0\" role=\"link\" href=\"https:\/\/www.instagram.com\/explore\/tags\/empreendedorismo\/\">#empreendedorismo<\/a><\/p>\n","protected":false},"excerpt":{"rendered":"<p>Os crimes ambientais t\u00eam um espa\u00e7o especial no direito criminal. Afinal, se trata da esp\u00e9cie de crime que pode penalizar uma empresa. A regra geral \u00e9 de que pessoas jur\u00eddicas n\u00e3o respondem pela pr\u00e1tica de delitos. O motivo \u00e9 muito simples: uma pessoa jur\u00eddica n\u00e3o pratica condutas por si mesma. No entanto, em vista da repercuss\u00e3o social t\u00e3o abrangente dos danos ambientais, o sistema criminal abriu uma exce\u00e7\u00e3o pela qual se punem as pessoas jur\u00eddicas respons\u00e1veis. O contexto de dano ambiental gera: -&gt; Responsabilidade civil (indeniza\u00e7\u00f5es); -&gt; Administrativa (restri\u00e7\u00f5es perante o Estado e multas); -&gt; Criminal, com a efetiva aplica\u00e7\u00e3o de penas. Sendo \u00f3bvia a impossibilidade de encarcerar uma empresa, as penas impostas nesses casos s\u00e3o relacionadas \u00e0 atividade empresarial. Por exemplo, a suspens\u00e3o das atividades ou a obriga\u00e7\u00e3o de custear programas e projetos ambientais. Al\u00e9m disso, a lei tamb\u00e9m prev\u00ea a imposi\u00e7\u00e3o de multas pesadas, bem como o dever de reparar o dano causado, quando ainda poss\u00edvel. Os administradores dessas organiza\u00e7\u00f5es tamb\u00e9m podem ser pessoalmente responsabilizados. Para isso, deve ficar demonstrada sua inten\u00e7\u00e3o consciente em causar preju\u00edzo ao meio ambiente ou sua falta de dilig\u00eancia para evit\u00e1-lo. Em qualquer caso, a aplica\u00e7\u00e3o da pena sempre ser\u00e1 antecedida de um processo criminal. Por meio dele, tanto a empresa quanto seus administradores poder\u00e3o exercer o direito de defesa. Mais importante do que remediar danos causados \u00e9 a ado\u00e7\u00e3o de medidas eficientes para evit\u00e1-los, sob a orienta\u00e7\u00e3o jur\u00eddica de profissionais especializados. Contate-nos para receber o aconselhamento adequado! #ambiental\u00a0#crimesambientais\u00a0#empresasustent\u00e1vel\u00a0#sustentabilidade\u00a0#advocaciacriminal\u00a0#compliance\u00a0#empreendedorismo<\/p>\n","protected":false},"author":1,"featured_media":0,"comment_status":"closed","ping_status":"open","sticky":false,"template":"","format":"standard","meta":{"site-sidebar-layout":"default","site-content-layout":"","ast-site-content-layout":"default","site-content-style":"default","site-sidebar-style":"default","ast-global-header-display":"","ast-banner-title-visibility":"","ast-main-header-display":"","ast-hfb-above-header-display":"","ast-hfb-below-header-display":"","ast-hfb-mobile-header-display":"","site-post-title":"","ast-breadcrumbs-content":"","ast-featured-img":"","footer-sml-layout":"","ast-disable-related-posts":"","theme-transparent-header-meta":"default","adv-header-id-meta":"","stick-header-meta":"","header-above-stick-meta":"","header-main-stick-meta":"","header-below-stick-meta":"","astra-migrate-meta-layouts":"set","ast-page-background-enabled":"default","ast-page-background-meta":{"desktop":{"background-color":"var(--ast-global-color-4)","background-image":"","background-repeat":"repeat","background-position":"center center","background-size":"auto","background-attachment":"scroll","background-type":"","background-media":"","overlay-type":"","overlay-color":"","overlay-opacity":"","overlay-gradient":""},"tablet":{"background-color":"","background-image":"","background-repeat":"repeat","background-position":"center center","background-size":"auto","background-attachment":"scroll","background-type":"","background-media":"","overlay-type":"","overlay-color":"","overlay-opacity":"","overlay-gradient":""},"mobile":{"background-color":"","background-image":"","background-repeat":"repeat","background-position":"center center","background-size":"auto","background-attachment":"scroll","background-type":"","background-media":"","overlay-type":"","overlay-color":"","overlay-opacity":"","overlay-gradient":""}},"ast-content-background-meta":{"desktop":{"background-color":"var(--ast-global-color-5)","background-image":"","background-repeat":"repeat","background-position":"center center","background-size":"auto","background-attachment":"scroll","background-type":"","background-media":"","overlay-type":"","overlay-color":"","overlay-opacity":"","overlay-gradient":""},"tablet":{"background-color":"var(--ast-global-color-5)","background-image":"","background-repeat":"repeat","background-position":"center center","background-size":"auto","background-attachment":"scroll","background-type":"","background-media":"","overlay-type":"","overlay-color":"","overlay-opacity":"","overlay-gradient":""},"mobile":{"background-color":"var(--ast-global-color-5)","background-image":"","background-repeat":"repeat","background-position":"center center","background-size":"auto","background-attachment":"scroll","background-type":"","background-media":"","overlay-type":"","overlay-color":"","overlay-opacity":"","overlay-gradient":""}},"footnotes":""},"categories":[1],"tags":[],"class_list":["post-3559","post","type-post","status-publish","format-standard","hentry","category-sem-categoria"],"_links":{"self":[{"href":"https:\/\/marcelcolares.adv.br\/index.php?rest_route=\/wp\/v2\/posts\/3559","targetHints":{"allow":["GET"]}}],"collection":[{"href":"https:\/\/marcelcolares.adv.br\/index.php?rest_route=\/wp\/v2\/posts"}],"about":[{"href":"https:\/\/marcelcolares.adv.br\/index.php?rest_route=\/wp\/v2\/types\/post"}],"author":[{"embeddable":true,"href":"https:\/\/marcelcolares.adv.br\/index.php?rest_route=\/wp\/v2\/users\/1"}],"replies":[{"embeddable":true,"href":"https:\/\/marcelcolares.adv.br\/index.php?rest_route=%2Fwp%2Fv2%2Fcomments&post=3559"}],"version-history":[{"count":1,"href":"https:\/\/marcelcolares.adv.br\/index.php?rest_route=\/wp\/v2\/posts\/3559\/revisions"}],"predecessor-version":[{"id":3560,"href":"https:\/\/marcelcolares.adv.br\/index.php?rest_route=\/wp\/v2\/posts\/3559\/revisions\/3560"}],"wp:attachment":[{"href":"https:\/\/marcelcolares.adv.br\/index.php?rest_route=%2Fwp%2Fv2%2Fmedia&parent=3559"}],"wp:term":[{"taxonomy":"category","embeddable":true,"href":"https:\/\/marcelcolares.adv.br\/index.php?rest_route=%2Fwp%2Fv2%2Fcategories&post=3559"},{"taxonomy":"post_tag","embeddable":true,"href":"https:\/\/marcelcolares.adv.br\/index.php?rest_route=%2Fwp%2Fv2%2Ftags&post=3559"}],"curies":[{"name":"wp","href":"https:\/\/api.w.org\/{rel}","templated":true}]}}