{"id":4205,"date":"2024-10-07T14:43:20","date_gmt":"2024-10-07T17:43:20","guid":{"rendered":"https:\/\/marcelcolares.adv.br\/?p=4205"},"modified":"2024-11-27T14:43:54","modified_gmt":"2024-11-27T17:43:54","slug":"danos-ambientais-qual-e-a-responsabilidade-da-empresa","status":"publish","type":"post","link":"https:\/\/marcelcolares.adv.br\/?p=4205","title":{"rendered":"DANOS AMBIENTAIS- qual \u00e9 a responsabilidade da empresa?"},"content":{"rendered":"<p>Em todo o planeta, as empresas contribuem significativamente para os danos ambientais.<\/p>\n<p>Por conta disso, s\u00e3o diretamente respons\u00e1veis pelos danos que suas atividades podem causar.<\/p>\n<p>Com o tempo, os danos ambientais crescem e se tornam cada vez mais presentes em nosso cotidiano.<\/p>\n<p>Mas afinal, quais s\u00e3o as responsabilidades das empresas com os danos ambientais?<\/p>\n<p>1 \u2013 Legal: os danos cometidos podem ser reparados nas esferas civil, administrativa e penal. O n\u00e3o cumprimento das leis pode resultar em multas e san\u00e7\u00f5es administrativas;<\/p>\n<p>2 \u2013 Social: dever \u00e9tico de minimizar o impacto ambiental causado pela empresa, adotando pr\u00e1ticas sustent\u00e1veis e considerando as comunidades afetadas ao seu redor;<\/p>\n<p>3 \u2013 Econ\u00f4mica: pr\u00e1ticas ambientais respons\u00e1veis podem ser uma vantagem competitiva no mercado;<\/p>\n<p>4 \u2013 Corporativa: implementar pol\u00edticas internas, como gest\u00e3o de res\u00edduos produzidos, investimento em tecnologias que diminuem o consumo etc.;<\/p>\n<p>5 \u2013 Transpar\u00eancia: sobre pr\u00e1ticas ambientais e relat\u00f3rios p\u00fablicos sobre esfor\u00e7os de mitiga\u00e7\u00e3o e de sustentabilidade, nos termos da legisla\u00e7\u00e3o vigente.<\/p>\n<p>Al\u00e9m disso, \u00e9 importante que as empresas preocupadas com a responsabilidade ambiental engajem seus funcion\u00e1rios, clientes e comunidades locais em iniciativas de preserva\u00e7\u00e3o ambiental.<\/p>\n<p>A responsabilidade ambiental \u00e9 uma quest\u00e3o multifacetada, que exige comprometimento cont\u00ednuo de toda a administra\u00e7\u00e3o da empresa!<\/p>\n<p>Al\u00e9m de evitar problemas legais, adotar pr\u00e1ticas preventivas contribui para uma boa imagem da marca no mercado e atrai consumidores conscientes.<\/p>\n<p>E voc\u00ea, o que acha do assunto?<\/p>\n<p>Deixe seu coment\u00e1rio e compartilhe com os amigos!<\/p>\n<p><a class=\"x1i10hfl xjbqb8w x1ejq31n xd10rxx x1sy0etr x17r0tee x972fbf xcfux6l x1qhh985 xm0m39n x9f619 x1ypdohk xt0psk2 xe8uvvx xdj266r x11i5rnm xat24cr x1mh8g0r xexx8yu x4uap5 x18d9i69 xkhd6sd x16tdsg8 x1hl2dhg xggy1nq x1a2a7pz  _aa9_ _a6hd\" tabindex=\"0\" role=\"link\" href=\"https:\/\/www.instagram.com\/explore\/tags\/direitoambiental\/\">#direitoambiental<\/a>\u00a0<a class=\"x1i10hfl xjbqb8w x1ejq31n xd10rxx x1sy0etr x17r0tee x972fbf xcfux6l x1qhh985 xm0m39n x9f619 x1ypdohk xt0psk2 xe8uvvx xdj266r x11i5rnm xat24cr x1mh8g0r xexx8yu x4uap5 x18d9i69 xkhd6sd x16tdsg8 x1hl2dhg xggy1nq x1a2a7pz  _aa9_ _a6hd\" tabindex=\"0\" role=\"link\" href=\"https:\/\/www.instagram.com\/explore\/tags\/empresarespons%C3%A1vel\/\">#empresarespons\u00e1vel<\/a>\u00a0<a class=\"x1i10hfl xjbqb8w x1ejq31n xd10rxx x1sy0etr x17r0tee x972fbf xcfux6l x1qhh985 xm0m39n x9f619 x1ypdohk xt0psk2 xe8uvvx xdj266r x11i5rnm xat24cr x1mh8g0r xexx8yu x4uap5 x18d9i69 xkhd6sd x16tdsg8 x1hl2dhg xggy1nq x1a2a7pz  _aa9_ _a6hd\" tabindex=\"0\" role=\"link\" href=\"https:\/\/www.instagram.com\/explore\/tags\/esg\/\">#ESG<\/a>\u00a0<a class=\"x1i10hfl xjbqb8w x1ejq31n xd10rxx x1sy0etr x17r0tee x972fbf xcfux6l x1qhh985 xm0m39n x9f619 x1ypdohk xt0psk2 xe8uvvx xdj266r x11i5rnm xat24cr x1mh8g0r xexx8yu x4uap5 x18d9i69 xkhd6sd x16tdsg8 x1hl2dhg xggy1nq x1a2a7pz  _aa9_ _a6hd\" tabindex=\"0\" role=\"link\" href=\"https:\/\/www.instagram.com\/explore\/tags\/responsabilidadeambiental\/\">#responsabilidadeambiental<\/a>\u00a0<a class=\"x1i10hfl xjbqb8w x1ejq31n xd10rxx x1sy0etr x17r0tee x972fbf xcfux6l x1qhh985 xm0m39n x9f619 x1ypdohk xt0psk2 xe8uvvx xdj266r x11i5rnm xat24cr x1mh8g0r xexx8yu x4uap5 x18d9i69 xkhd6sd x16tdsg8 x1hl2dhg xggy1nq x1a2a7pz  _aa9_ _a6hd\" tabindex=\"0\" role=\"link\" href=\"https:\/\/www.instagram.com\/explore\/tags\/empres%C3%A1rio\/\">#empres\u00e1rio<\/a><\/p>\n","protected":false},"excerpt":{"rendered":"<p>Em todo o planeta, as empresas contribuem significativamente para os danos ambientais. Por conta disso, s\u00e3o diretamente respons\u00e1veis pelos danos que suas atividades podem causar. Com o tempo, os danos ambientais crescem e se tornam cada vez mais presentes em nosso cotidiano. Mas afinal, quais s\u00e3o as responsabilidades das empresas com os danos ambientais? 1 \u2013 Legal: os danos cometidos podem ser reparados nas esferas civil, administrativa e penal. O n\u00e3o cumprimento das leis pode resultar em multas e san\u00e7\u00f5es administrativas; 2 \u2013 Social: dever \u00e9tico de minimizar o impacto ambiental causado pela empresa, adotando pr\u00e1ticas sustent\u00e1veis e considerando as comunidades afetadas ao seu redor; 3 \u2013 Econ\u00f4mica: pr\u00e1ticas ambientais respons\u00e1veis podem ser uma vantagem competitiva no mercado; 4 \u2013 Corporativa: implementar pol\u00edticas internas, como gest\u00e3o de res\u00edduos produzidos, investimento em tecnologias que diminuem o consumo etc.; 5 \u2013 Transpar\u00eancia: sobre pr\u00e1ticas ambientais e relat\u00f3rios p\u00fablicos sobre esfor\u00e7os de mitiga\u00e7\u00e3o e de sustentabilidade, nos termos da legisla\u00e7\u00e3o vigente. Al\u00e9m disso, \u00e9 importante que as empresas preocupadas com a responsabilidade ambiental engajem seus funcion\u00e1rios, clientes e comunidades locais em iniciativas de preserva\u00e7\u00e3o ambiental. A responsabilidade ambiental \u00e9 uma quest\u00e3o multifacetada, que exige comprometimento cont\u00ednuo de toda a administra\u00e7\u00e3o da empresa! Al\u00e9m de evitar problemas legais, adotar pr\u00e1ticas preventivas contribui para uma boa imagem da marca no mercado e atrai consumidores conscientes. E voc\u00ea, o que acha do assunto? Deixe seu coment\u00e1rio e compartilhe com os amigos! #direitoambiental\u00a0#empresarespons\u00e1vel\u00a0#ESG\u00a0#responsabilidadeambiental\u00a0#empres\u00e1rio<\/p>\n","protected":false},"author":1,"featured_media":0,"comment_status":"closed","ping_status":"open","sticky":false,"template":"","format":"standard","meta":{"site-sidebar-layout":"default","site-content-layout":"","ast-site-content-layout":"default","site-content-style":"default","site-sidebar-style":"default","ast-global-header-display":"","ast-banner-title-visibility":"","ast-main-header-display":"","ast-hfb-above-header-display":"","ast-hfb-below-header-display":"","ast-hfb-mobile-header-display":"","site-post-title":"","ast-breadcrumbs-content":"","ast-featured-img":"","footer-sml-layout":"","ast-disable-related-posts":"","theme-transparent-header-meta":"default","adv-header-id-meta":"","stick-header-meta":"","header-above-stick-meta":"","header-main-stick-meta":"","header-below-stick-meta":"","astra-migrate-meta-layouts":"set","ast-page-background-enabled":"default","ast-page-background-meta":{"desktop":{"background-color":"var(--ast-global-color-4)","background-image":"","background-repeat":"repeat","background-position":"center center","background-size":"auto","background-attachment":"scroll","background-type":"","background-media":"","overlay-type":"","overlay-color":"","overlay-opacity":"","overlay-gradient":""},"tablet":{"background-color":"","background-image":"","background-repeat":"repeat","background-position":"center center","background-size":"auto","background-attachment":"scroll","background-type":"","background-media":"","overlay-type":"","overlay-color":"","overlay-opacity":"","overlay-gradient":""},"mobile":{"background-color":"","background-image":"","background-repeat":"repeat","background-position":"center center","background-size":"auto","background-attachment":"scroll","background-type":"","background-media":"","overlay-type":"","overlay-color":"","overlay-opacity":"","overlay-gradient":""}},"ast-content-background-meta":{"desktop":{"background-color":"var(--ast-global-color-5)","background-image":"","background-repeat":"repeat","background-position":"center center","background-size":"auto","background-attachment":"scroll","background-type":"","background-media":"","overlay-type":"","overlay-color":"","overlay-opacity":"","overlay-gradient":""},"tablet":{"background-color":"var(--ast-global-color-5)","background-image":"","background-repeat":"repeat","background-position":"center center","background-size":"auto","background-attachment":"scroll","background-type":"","background-media":"","overlay-type":"","overlay-color":"","overlay-opacity":"","overlay-gradient":""},"mobile":{"background-color":"var(--ast-global-color-5)","background-image":"","background-repeat":"repeat","background-position":"center center","background-size":"auto","background-attachment":"scroll","background-type":"","background-media":"","overlay-type":"","overlay-color":"","overlay-opacity":"","overlay-gradient":""}},"footnotes":""},"categories":[1],"tags":[],"class_list":["post-4205","post","type-post","status-publish","format-standard","hentry","category-sem-categoria"],"_links":{"self":[{"href":"https:\/\/marcelcolares.adv.br\/index.php?rest_route=\/wp\/v2\/posts\/4205","targetHints":{"allow":["GET"]}}],"collection":[{"href":"https:\/\/marcelcolares.adv.br\/index.php?rest_route=\/wp\/v2\/posts"}],"about":[{"href":"https:\/\/marcelcolares.adv.br\/index.php?rest_route=\/wp\/v2\/types\/post"}],"author":[{"embeddable":true,"href":"https:\/\/marcelcolares.adv.br\/index.php?rest_route=\/wp\/v2\/users\/1"}],"replies":[{"embeddable":true,"href":"https:\/\/marcelcolares.adv.br\/index.php?rest_route=%2Fwp%2Fv2%2Fcomments&post=4205"}],"version-history":[{"count":1,"href":"https:\/\/marcelcolares.adv.br\/index.php?rest_route=\/wp\/v2\/posts\/4205\/revisions"}],"predecessor-version":[{"id":4206,"href":"https:\/\/marcelcolares.adv.br\/index.php?rest_route=\/wp\/v2\/posts\/4205\/revisions\/4206"}],"wp:attachment":[{"href":"https:\/\/marcelcolares.adv.br\/index.php?rest_route=%2Fwp%2Fv2%2Fmedia&parent=4205"}],"wp:term":[{"taxonomy":"category","embeddable":true,"href":"https:\/\/marcelcolares.adv.br\/index.php?rest_route=%2Fwp%2Fv2%2Fcategories&post=4205"},{"taxonomy":"post_tag","embeddable":true,"href":"https:\/\/marcelcolares.adv.br\/index.php?rest_route=%2Fwp%2Fv2%2Ftags&post=4205"}],"curies":[{"name":"wp","href":"https:\/\/api.w.org\/{rel}","templated":true}]}}