{"id":4497,"date":"2024-11-28T14:28:14","date_gmt":"2024-11-28T17:28:14","guid":{"rendered":"https:\/\/marcelcolares.adv.br\/?p=4497"},"modified":"2025-01-06T14:32:37","modified_gmt":"2025-01-06T17:32:37","slug":"tjpe-ex-conjugue-que-usar-imovel-de-forma-exclusiva-deve-pagar-aluguel-proporcional-ate-que-o-bem-seja-vendido-durante-a-partilha-de-bens","status":"publish","type":"post","link":"https:\/\/marcelcolares.adv.br\/?p=4497","title":{"rendered":"TJPE &#8211; EX-C\u00d4NJUGUE QUE USAR IM\u00d3VEL DE FORMA EXCLUSIVA DEVE PAGAR ALUGUEL PROPORCIONAL AT\u00c9 QUE O BEM SEJA VENDIDO DURANTE A PARTILHA DE BENS"},"content":{"rendered":"<p>A Segunda C\u00e2mara C\u00edvel do TJPE decidiu que um ex-marido deve pagar aluguel \u00e0 ex-esposa pelo uso exclusivo de um im\u00f3vel at\u00e9 que o bem seja vendido na partilha de bens \ud83c\udfe0. A decis\u00e3o, un\u00e2nime, foi tomada ap\u00f3s o agravo de instrumento interposto pela mulher, que buscava a fixa\u00e7\u00e3o do pagamento parcial do aluguel. O valor corresponde \u00e0 metade de um aluguel presumido e dever\u00e1 ser pago a partir da cita\u00e7\u00e3o, sendo reajustado anualmente pelo IGP-M.<\/p>\n<p>O caso envolveu um casal casado sob o regime de comunh\u00e3o parcial de bens, que se separou de fato. Ap\u00f3s a separa\u00e7\u00e3o, a esposa foi morar em outro im\u00f3vel alugado, enquanto o marido permaneceu no im\u00f3vel comum de forma exclusiva. A jurisprud\u00eancia do Superior Tribunal de Justi\u00e7a (STJ) \u00e9 clara ao afirmar que o ex-c\u00f4njuge que ocupa o im\u00f3vel de forma exclusiva deve pagar uma indeniza\u00e7\u00e3o proporcional ao aluguel.<\/p>\n<p>O relator, desembargador Ruy Patu, ressaltou que, mesmo sem a partilha do patrim\u00f4nio, \u00e9 direito da ex-esposa exigir a indeniza\u00e7\u00e3o pelo uso exclusivo do im\u00f3vel. A decis\u00e3o reafirma o entendimento pac\u00edfico do STJ, garantindo a justi\u00e7a na divis\u00e3o de bens e responsabilidades ap\u00f3s a separa\u00e7\u00e3o \u2696\ufe0f\ud83d\udcb0<a class=\"x1i10hfl xjbqb8w x1ejq31n xd10rxx x1sy0etr x17r0tee x972fbf xcfux6l x1qhh985 xm0m39n x9f619 x1ypdohk xt0psk2 xe8uvvx xdj266r x11i5rnm xat24cr x1mh8g0r xexx8yu x4uap5 x18d9i69 xkhd6sd x16tdsg8 x1hl2dhg xggy1nq x1a2a7pz  _aa9_ _a6hd\" tabindex=\"0\" role=\"link\" href=\"https:\/\/www.instagram.com\/explore\/tags\/direitodasfam%C3%ADlias\/\">#direitodasfam\u00edlias<\/a>\u00a0<a class=\"x1i10hfl xjbqb8w x1ejq31n xd10rxx x1sy0etr x17r0tee x972fbf xcfux6l x1qhh985 xm0m39n x9f619 x1ypdohk xt0psk2 xe8uvvx xdj266r x11i5rnm xat24cr x1mh8g0r xexx8yu x4uap5 x18d9i69 xkhd6sd x16tdsg8 x1hl2dhg xggy1nq x1a2a7pz  _aa9_ _a6hd\" tabindex=\"0\" role=\"link\" href=\"https:\/\/www.instagram.com\/explore\/tags\/direitodefam%C3%ADlia\/\">#DireitoDeFam\u00edlia<\/a>\u00a0<a class=\"x1i10hfl xjbqb8w x1ejq31n xd10rxx x1sy0etr x17r0tee x972fbf xcfux6l x1qhh985 xm0m39n x9f619 x1ypdohk xt0psk2 xe8uvvx xdj266r x11i5rnm xat24cr x1mh8g0r xexx8yu x4uap5 x18d9i69 xkhd6sd x16tdsg8 x1hl2dhg xggy1nq x1a2a7pz  _aa9_ _a6hd\" tabindex=\"0\" role=\"link\" href=\"https:\/\/www.instagram.com\/explore\/tags\/partilhadebens\/\">#PartilhaDeBens<\/a>\u00a0<a class=\"x1i10hfl xjbqb8w x1ejq31n xd10rxx x1sy0etr x17r0tee x972fbf xcfux6l x1qhh985 xm0m39n x9f619 x1ypdohk xt0psk2 xe8uvvx xdj266r x11i5rnm xat24cr x1mh8g0r xexx8yu x4uap5 x18d9i69 xkhd6sd x16tdsg8 x1hl2dhg xggy1nq x1a2a7pz  _aa9_ _a6hd\" tabindex=\"0\" role=\"link\" href=\"https:\/\/www.instagram.com\/explore\/tags\/justi%C3%A7a\/\">#Justi\u00e7a<\/a>\u00a0<a class=\"x1i10hfl xjbqb8w x1ejq31n xd10rxx x1sy0etr x17r0tee x972fbf xcfux6l x1qhh985 xm0m39n x9f619 x1ypdohk xt0psk2 xe8uvvx xdj266r x11i5rnm xat24cr x1mh8g0r xexx8yu x4uap5 x18d9i69 xkhd6sd x16tdsg8 x1hl2dhg xggy1nq x1a2a7pz  _aa9_ _a6hd\" tabindex=\"0\" role=\"link\" href=\"https:\/\/www.instagram.com\/explore\/tags\/tjpe\/\">#TJPE<\/a>\u00a0<a class=\"x1i10hfl xjbqb8w x1ejq31n xd10rxx x1sy0etr x17r0tee x972fbf xcfux6l x1qhh985 xm0m39n x9f619 x1ypdohk xt0psk2 xe8uvvx xdj266r x11i5rnm xat24cr x1mh8g0r xexx8yu x4uap5 x18d9i69 xkhd6sd x16tdsg8 x1hl2dhg xggy1nq x1a2a7pz  _aa9_ _a6hd\" tabindex=\"0\" role=\"link\" href=\"https:\/\/www.instagram.com\/explore\/tags\/aluguel\/\">#Aluguel<\/a>\u00a0<a class=\"x1i10hfl xjbqb8w x1ejq31n xd10rxx x1sy0etr x17r0tee x972fbf xcfux6l x1qhh985 xm0m39n x9f619 x1ypdohk xt0psk2 xe8uvvx xdj266r x11i5rnm xat24cr x1mh8g0r xexx8yu x4uap5 x18d9i69 xkhd6sd x16tdsg8 x1hl2dhg xggy1nq x1a2a7pz  _aa9_ _a6hd\" tabindex=\"0\" role=\"link\" href=\"https:\/\/www.instagram.com\/explore\/tags\/advocaciaespecializada\/\">#advocaciaespecializada<\/a><\/p>\n<p>Fonte: Tribunal de Justi\u00e7a do Estado de Pernambuco.<\/p>\n","protected":false},"excerpt":{"rendered":"<p>A Segunda C\u00e2mara C\u00edvel do TJPE decidiu que um ex-marido deve pagar aluguel \u00e0 ex-esposa pelo uso exclusivo de um im\u00f3vel at\u00e9 que o bem seja vendido na partilha de bens \ud83c\udfe0. A decis\u00e3o, un\u00e2nime, foi tomada ap\u00f3s o agravo de instrumento interposto pela mulher, que buscava a fixa\u00e7\u00e3o do pagamento parcial do aluguel. O valor corresponde \u00e0 metade de um aluguel presumido e dever\u00e1 ser pago a partir da cita\u00e7\u00e3o, sendo reajustado anualmente pelo IGP-M. O caso envolveu um casal casado sob o regime de comunh\u00e3o parcial de bens, que se separou de fato. Ap\u00f3s a separa\u00e7\u00e3o, a esposa foi morar em outro im\u00f3vel alugado, enquanto o marido permaneceu no im\u00f3vel comum de forma exclusiva. A jurisprud\u00eancia do Superior Tribunal de Justi\u00e7a (STJ) \u00e9 clara ao afirmar que o ex-c\u00f4njuge que ocupa o im\u00f3vel de forma exclusiva deve pagar uma indeniza\u00e7\u00e3o proporcional ao aluguel. O relator, desembargador Ruy Patu, ressaltou que, mesmo sem a partilha do patrim\u00f4nio, \u00e9 direito da ex-esposa exigir a indeniza\u00e7\u00e3o pelo uso exclusivo do im\u00f3vel. A decis\u00e3o reafirma o entendimento pac\u00edfico do STJ, garantindo a justi\u00e7a na divis\u00e3o de bens e responsabilidades ap\u00f3s a separa\u00e7\u00e3o \u2696\ufe0f\ud83d\udcb0#direitodasfam\u00edlias\u00a0#DireitoDeFam\u00edlia\u00a0#PartilhaDeBens\u00a0#Justi\u00e7a\u00a0#TJPE\u00a0#Aluguel\u00a0#advocaciaespecializada Fonte: Tribunal de Justi\u00e7a do Estado de Pernambuco.<\/p>\n","protected":false},"author":1,"featured_media":0,"comment_status":"closed","ping_status":"open","sticky":false,"template":"","format":"standard","meta":{"site-sidebar-layout":"default","site-content-layout":"","ast-site-content-layout":"default","site-content-style":"default","site-sidebar-style":"default","ast-global-header-display":"","ast-banner-title-visibility":"","ast-main-header-display":"","ast-hfb-above-header-display":"","ast-hfb-below-header-display":"","ast-hfb-mobile-header-display":"","site-post-title":"","ast-breadcrumbs-content":"","ast-featured-img":"","footer-sml-layout":"","ast-disable-related-posts":"","theme-transparent-header-meta":"default","adv-header-id-meta":"","stick-header-meta":"","header-above-stick-meta":"","header-main-stick-meta":"","header-below-stick-meta":"","astra-migrate-meta-layouts":"set","ast-page-background-enabled":"default","ast-page-background-meta":{"desktop":{"background-color":"var(--ast-global-color-4)","background-image":"","background-repeat":"repeat","background-position":"center center","background-size":"auto","background-attachment":"scroll","background-type":"","background-media":"","overlay-type":"","overlay-color":"","overlay-opacity":"","overlay-gradient":""},"tablet":{"background-color":"","background-image":"","background-repeat":"repeat","background-position":"center center","background-size":"auto","background-attachment":"scroll","background-type":"","background-media":"","overlay-type":"","overlay-color":"","overlay-opacity":"","overlay-gradient":""},"mobile":{"background-color":"","background-image":"","background-repeat":"repeat","background-position":"center center","background-size":"auto","background-attachment":"scroll","background-type":"","background-media":"","overlay-type":"","overlay-color":"","overlay-opacity":"","overlay-gradient":""}},"ast-content-background-meta":{"desktop":{"background-color":"var(--ast-global-color-5)","background-image":"","background-repeat":"repeat","background-position":"center center","background-size":"auto","background-attachment":"scroll","background-type":"","background-media":"","overlay-type":"","overlay-color":"","overlay-opacity":"","overlay-gradient":""},"tablet":{"background-color":"var(--ast-global-color-5)","background-image":"","background-repeat":"repeat","background-position":"center center","background-size":"auto","background-attachment":"scroll","background-type":"","background-media":"","overlay-type":"","overlay-color":"","overlay-opacity":"","overlay-gradient":""},"mobile":{"background-color":"var(--ast-global-color-5)","background-image":"","background-repeat":"repeat","background-position":"center center","background-size":"auto","background-attachment":"scroll","background-type":"","background-media":"","overlay-type":"","overlay-color":"","overlay-opacity":"","overlay-gradient":""}},"footnotes":""},"categories":[1],"tags":[],"class_list":["post-4497","post","type-post","status-publish","format-standard","hentry","category-sem-categoria"],"_links":{"self":[{"href":"https:\/\/marcelcolares.adv.br\/index.php?rest_route=\/wp\/v2\/posts\/4497","targetHints":{"allow":["GET"]}}],"collection":[{"href":"https:\/\/marcelcolares.adv.br\/index.php?rest_route=\/wp\/v2\/posts"}],"about":[{"href":"https:\/\/marcelcolares.adv.br\/index.php?rest_route=\/wp\/v2\/types\/post"}],"author":[{"embeddable":true,"href":"https:\/\/marcelcolares.adv.br\/index.php?rest_route=\/wp\/v2\/users\/1"}],"replies":[{"embeddable":true,"href":"https:\/\/marcelcolares.adv.br\/index.php?rest_route=%2Fwp%2Fv2%2Fcomments&post=4497"}],"version-history":[{"count":1,"href":"https:\/\/marcelcolares.adv.br\/index.php?rest_route=\/wp\/v2\/posts\/4497\/revisions"}],"predecessor-version":[{"id":4498,"href":"https:\/\/marcelcolares.adv.br\/index.php?rest_route=\/wp\/v2\/posts\/4497\/revisions\/4498"}],"wp:attachment":[{"href":"https:\/\/marcelcolares.adv.br\/index.php?rest_route=%2Fwp%2Fv2%2Fmedia&parent=4497"}],"wp:term":[{"taxonomy":"category","embeddable":true,"href":"https:\/\/marcelcolares.adv.br\/index.php?rest_route=%2Fwp%2Fv2%2Fcategories&post=4497"},{"taxonomy":"post_tag","embeddable":true,"href":"https:\/\/marcelcolares.adv.br\/index.php?rest_route=%2Fwp%2Fv2%2Ftags&post=4497"}],"curies":[{"name":"wp","href":"https:\/\/api.w.org\/{rel}","templated":true}]}}