{"id":4499,"date":"2024-11-28T14:32:44","date_gmt":"2024-11-28T17:32:44","guid":{"rendered":"https:\/\/marcelcolares.adv.br\/?p=4499"},"modified":"2025-01-06T14:36:50","modified_gmt":"2025-01-06T17:36:50","slug":"tjrn-funeraria-causa-constragimento-a-familia-de-falecimento-e-deve-indenizar-por-danos-morais","status":"publish","type":"post","link":"https:\/\/marcelcolares.adv.br\/?p=4499","title":{"rendered":"TJRN &#8211; FUNER\u00c1RIA CAUSA CONSTRAGIMENTO \u00c1 FAMILIA DE FALECIMENTO E DEVE INDENIZAR POR DANOS MORAIS"},"content":{"rendered":"<p>A Justi\u00e7a determinou que uma funer\u00e1ria pagasse R$ 15 mil de indeniza\u00e7\u00e3o por danos morais a cada autor do processo, ap\u00f3s causar grande constrangimento \u00e0 fam\u00edlia de um falecido. O incidente ocorreu em 2017, quando a empresa foi contratada para realizar o vel\u00f3rio e sepultamento de um homem que morreu em via p\u00fablica. Os funcion\u00e1rios da funer\u00e1ria come\u00e7aram a preparar o corpo na cal\u00e7ada, \u00e0 vista da fam\u00edlia e da popula\u00e7\u00e3o, o que gerou revolta e constrangimento.<\/p>\n<p>A funer\u00e1ria alegou que a prepara\u00e7\u00e3o foi feita na rua devido a entraves da fam\u00edlia para a remo\u00e7\u00e3o do corpo e o tempo decorrido desde o \u00f3bito. Por\u00e9m, o juiz \u00cdtalo Gondim destacou que o procedimento n\u00e3o poderia ocorrer em via p\u00fablica, em total desrespeito \u00e0 mem\u00f3ria do falecido e ao luto dos familiares. O caso envolveu a utiliza\u00e7\u00e3o improvisada de baldes de \u00e1gua fornecidos por moradores e a prepara\u00e7\u00e3o incompleta do corpo, que foi finalizada em um posto de sa\u00fade.<\/p>\n<p>O magistrado concluiu que a falha na presta\u00e7\u00e3o de servi\u00e7os agravou ainda mais o sofrimento da fam\u00edlia, especialmente dos filhos menores de idade, que n\u00e3o s\u00f3 perderam o ente querido, como tamb\u00e9m foram expostos a essa situa\u00e7\u00e3o humilhante. A decis\u00e3o reflete a responsabilidade da funer\u00e1ria pelo dano moral causado pela falta de respeito e profissionalismo no atendimento \ud83d\udc94\ud83d\udcbc.<br \/>\n<a class=\"x1i10hfl xjbqb8w x1ejq31n xd10rxx x1sy0etr x17r0tee x972fbf xcfux6l x1qhh985 xm0m39n x9f619 x1ypdohk xt0psk2 xe8uvvx xdj266r x11i5rnm xat24cr x1mh8g0r xexx8yu x4uap5 x18d9i69 xkhd6sd x16tdsg8 x1hl2dhg xggy1nq x1a2a7pz  _aa9_ _a6hd\" tabindex=\"0\" role=\"link\" href=\"https:\/\/www.instagram.com\/explore\/tags\/direitoc%C3%ADvel\/\">#direitoc\u00edvel<\/a>\u00a0<a class=\"x1i10hfl xjbqb8w x1ejq31n xd10rxx x1sy0etr x17r0tee x972fbf xcfux6l x1qhh985 xm0m39n x9f619 x1ypdohk xt0psk2 xe8uvvx xdj266r x11i5rnm xat24cr x1mh8g0r xexx8yu x4uap5 x18d9i69 xkhd6sd x16tdsg8 x1hl2dhg xggy1nq x1a2a7pz  _aa9_ _a6hd\" tabindex=\"0\" role=\"link\" href=\"https:\/\/www.instagram.com\/explore\/tags\/danosmorais\/\">#DanosMorais<\/a>\u00a0<a class=\"x1i10hfl xjbqb8w x1ejq31n xd10rxx x1sy0etr x17r0tee x972fbf xcfux6l x1qhh985 xm0m39n x9f619 x1ypdohk xt0psk2 xe8uvvx xdj266r x11i5rnm xat24cr x1mh8g0r xexx8yu x4uap5 x18d9i69 xkhd6sd x16tdsg8 x1hl2dhg xggy1nq x1a2a7pz  _aa9_ _a6hd\" tabindex=\"0\" role=\"link\" href=\"https:\/\/www.instagram.com\/explore\/tags\/justi%C3%A7a\/\">#Justi\u00e7a<\/a>\u00a0<a class=\"x1i10hfl xjbqb8w x1ejq31n xd10rxx x1sy0etr x17r0tee x972fbf xcfux6l x1qhh985 xm0m39n x9f619 x1ypdohk xt0psk2 xe8uvvx xdj266r x11i5rnm xat24cr x1mh8g0r xexx8yu x4uap5 x18d9i69 xkhd6sd x16tdsg8 x1hl2dhg xggy1nq x1a2a7pz  _aa9_ _a6hd\" tabindex=\"0\" role=\"link\" href=\"https:\/\/www.instagram.com\/explore\/tags\/respeito\/\">#Respeito<\/a>\u00a0<a class=\"x1i10hfl xjbqb8w x1ejq31n xd10rxx x1sy0etr x17r0tee x972fbf xcfux6l x1qhh985 xm0m39n x9f619 x1ypdohk xt0psk2 xe8uvvx xdj266r x11i5rnm xat24cr x1mh8g0r xexx8yu x4uap5 x18d9i69 xkhd6sd x16tdsg8 x1hl2dhg xggy1nq x1a2a7pz  _aa9_ _a6hd\" tabindex=\"0\" role=\"link\" href=\"https:\/\/www.instagram.com\/explore\/tags\/servi%C3%A7osfuner%C3%A1rios\/\">#Servi\u00e7osFuner\u00e1rios<\/a>\u00a0<a class=\"x1i10hfl xjbqb8w x1ejq31n xd10rxx x1sy0etr x17r0tee x972fbf xcfux6l x1qhh985 xm0m39n x9f619 x1ypdohk xt0psk2 xe8uvvx xdj266r x11i5rnm xat24cr x1mh8g0r xexx8yu x4uap5 x18d9i69 xkhd6sd x16tdsg8 x1hl2dhg xggy1nq x1a2a7pz  _aa9_ _a6hd\" tabindex=\"0\" role=\"link\" href=\"https:\/\/www.instagram.com\/explore\/tags\/direito\/\">#Direito<\/a><\/p>\n<p>Fonte: Tribunal de Justi\u00e7a do Estado de Rio Grande do Norte.<\/p>\n","protected":false},"excerpt":{"rendered":"<p>A Justi\u00e7a determinou que uma funer\u00e1ria pagasse R$ 15 mil de indeniza\u00e7\u00e3o por danos morais a cada autor do processo, ap\u00f3s causar grande constrangimento \u00e0 fam\u00edlia de um falecido. O incidente ocorreu em 2017, quando a empresa foi contratada para realizar o vel\u00f3rio e sepultamento de um homem que morreu em via p\u00fablica. Os funcion\u00e1rios da funer\u00e1ria come\u00e7aram a preparar o corpo na cal\u00e7ada, \u00e0 vista da fam\u00edlia e da popula\u00e7\u00e3o, o que gerou revolta e constrangimento. A funer\u00e1ria alegou que a prepara\u00e7\u00e3o foi feita na rua devido a entraves da fam\u00edlia para a remo\u00e7\u00e3o do corpo e o tempo decorrido desde o \u00f3bito. Por\u00e9m, o juiz \u00cdtalo Gondim destacou que o procedimento n\u00e3o poderia ocorrer em via p\u00fablica, em total desrespeito \u00e0 mem\u00f3ria do falecido e ao luto dos familiares. O caso envolveu a utiliza\u00e7\u00e3o improvisada de baldes de \u00e1gua fornecidos por moradores e a prepara\u00e7\u00e3o incompleta do corpo, que foi finalizada em um posto de sa\u00fade. O magistrado concluiu que a falha na presta\u00e7\u00e3o de servi\u00e7os agravou ainda mais o sofrimento da fam\u00edlia, especialmente dos filhos menores de idade, que n\u00e3o s\u00f3 perderam o ente querido, como tamb\u00e9m foram expostos a essa situa\u00e7\u00e3o humilhante. A decis\u00e3o reflete a responsabilidade da funer\u00e1ria pelo dano moral causado pela falta de respeito e profissionalismo no atendimento \ud83d\udc94\ud83d\udcbc. #direitoc\u00edvel\u00a0#DanosMorais\u00a0#Justi\u00e7a\u00a0#Respeito\u00a0#Servi\u00e7osFuner\u00e1rios\u00a0#Direito Fonte: Tribunal de Justi\u00e7a do Estado de Rio Grande do Norte.<\/p>\n","protected":false},"author":1,"featured_media":0,"comment_status":"closed","ping_status":"open","sticky":false,"template":"","format":"standard","meta":{"site-sidebar-layout":"default","site-content-layout":"","ast-site-content-layout":"default","site-content-style":"default","site-sidebar-style":"default","ast-global-header-display":"","ast-banner-title-visibility":"","ast-main-header-display":"","ast-hfb-above-header-display":"","ast-hfb-below-header-display":"","ast-hfb-mobile-header-display":"","site-post-title":"","ast-breadcrumbs-content":"","ast-featured-img":"","footer-sml-layout":"","ast-disable-related-posts":"","theme-transparent-header-meta":"default","adv-header-id-meta":"","stick-header-meta":"","header-above-stick-meta":"","header-main-stick-meta":"","header-below-stick-meta":"","astra-migrate-meta-layouts":"set","ast-page-background-enabled":"default","ast-page-background-meta":{"desktop":{"background-color":"var(--ast-global-color-4)","background-image":"","background-repeat":"repeat","background-position":"center center","background-size":"auto","background-attachment":"scroll","background-type":"","background-media":"","overlay-type":"","overlay-color":"","overlay-opacity":"","overlay-gradient":""},"tablet":{"background-color":"","background-image":"","background-repeat":"repeat","background-position":"center center","background-size":"auto","background-attachment":"scroll","background-type":"","background-media":"","overlay-type":"","overlay-color":"","overlay-opacity":"","overlay-gradient":""},"mobile":{"background-color":"","background-image":"","background-repeat":"repeat","background-position":"center center","background-size":"auto","background-attachment":"scroll","background-type":"","background-media":"","overlay-type":"","overlay-color":"","overlay-opacity":"","overlay-gradient":""}},"ast-content-background-meta":{"desktop":{"background-color":"var(--ast-global-color-5)","background-image":"","background-repeat":"repeat","background-position":"center center","background-size":"auto","background-attachment":"scroll","background-type":"","background-media":"","overlay-type":"","overlay-color":"","overlay-opacity":"","overlay-gradient":""},"tablet":{"background-color":"var(--ast-global-color-5)","background-image":"","background-repeat":"repeat","background-position":"center center","background-size":"auto","background-attachment":"scroll","background-type":"","background-media":"","overlay-type":"","overlay-color":"","overlay-opacity":"","overlay-gradient":""},"mobile":{"background-color":"var(--ast-global-color-5)","background-image":"","background-repeat":"repeat","background-position":"center center","background-size":"auto","background-attachment":"scroll","background-type":"","background-media":"","overlay-type":"","overlay-color":"","overlay-opacity":"","overlay-gradient":""}},"footnotes":""},"categories":[1],"tags":[],"class_list":["post-4499","post","type-post","status-publish","format-standard","hentry","category-sem-categoria"],"_links":{"self":[{"href":"https:\/\/marcelcolares.adv.br\/index.php?rest_route=\/wp\/v2\/posts\/4499","targetHints":{"allow":["GET"]}}],"collection":[{"href":"https:\/\/marcelcolares.adv.br\/index.php?rest_route=\/wp\/v2\/posts"}],"about":[{"href":"https:\/\/marcelcolares.adv.br\/index.php?rest_route=\/wp\/v2\/types\/post"}],"author":[{"embeddable":true,"href":"https:\/\/marcelcolares.adv.br\/index.php?rest_route=\/wp\/v2\/users\/1"}],"replies":[{"embeddable":true,"href":"https:\/\/marcelcolares.adv.br\/index.php?rest_route=%2Fwp%2Fv2%2Fcomments&post=4499"}],"version-history":[{"count":1,"href":"https:\/\/marcelcolares.adv.br\/index.php?rest_route=\/wp\/v2\/posts\/4499\/revisions"}],"predecessor-version":[{"id":4500,"href":"https:\/\/marcelcolares.adv.br\/index.php?rest_route=\/wp\/v2\/posts\/4499\/revisions\/4500"}],"wp:attachment":[{"href":"https:\/\/marcelcolares.adv.br\/index.php?rest_route=%2Fwp%2Fv2%2Fmedia&parent=4499"}],"wp:term":[{"taxonomy":"category","embeddable":true,"href":"https:\/\/marcelcolares.adv.br\/index.php?rest_route=%2Fwp%2Fv2%2Fcategories&post=4499"},{"taxonomy":"post_tag","embeddable":true,"href":"https:\/\/marcelcolares.adv.br\/index.php?rest_route=%2Fwp%2Fv2%2Ftags&post=4499"}],"curies":[{"name":"wp","href":"https:\/\/api.w.org\/{rel}","templated":true}]}}